{"id":121987,"date":"2023-09-06T12:42:09","date_gmt":"2023-09-06T15:42:09","guid":{"rendered":"https:\/\/eldiariodesanpedro.com.ar\/sitio\/?p=121987"},"modified":"2023-09-06T12:48:46","modified_gmt":"2023-09-06T15:48:46","slug":"recorrido-de-la-fecha-del-campeonato-de-rally-federal-a-realizarce-este-fin-de-semana-en-san-pedro","status":"publish","type":"post","link":"https:\/\/eldiariodesanpedro.com.ar\/sitio\/recorrido-de-la-fecha-del-campeonato-de-rally-federal-a-realizarce-este-fin-de-semana-en-san-pedro\/","title":{"rendered":"Recorrido de la fecha del Campeonato de Rally Federal a realizarce este fin de semana en San Pedro"},"content":{"rendered":"<!-- VideographyWP Plugin Message: Automatic video embedding prevented by plugin options. -->\n\n<p>Compartimos informaci\u00f3n sobre la quinta fecha de la temporada 2023 del Campeonato Federal de Rally que se desarrollar\u00e1 en nuestra ciudad, del 8 al 10 de septiembre. Durante este evento, se disputar\u00e1 la Copa Osvaldo \u00abPato\u00bb Morresi.<\/p>\n\n\n\n<p>Viernes 8 de septiembre<br>14.30 hs. Shakedown<br>17.30 hs. Parque de largada (Palacio Municipal)<br>20.00 hs. Largada Simb\u00f3lica Rampa (Palacio Municipal)<\/p>\n\n\n\n<p>S\u00e1bado 9 de septiembre<br>11.53 hs. PE1 Santa Luc\u00eda \u2013 Colegiales 1<br>12.31 hs. PE2 La Buena Moza \u2013 Calle J. Pascual 1<br>15.04 hs. PE3 Santa Luc\u00eda \u2013 Colegiales 2<br>14.42 hs. PE4 Santa Luc\u00eda \u2013 Calle J. Pascual 2<\/p>\n\n\n\n<p>Domingo 10 de septiembre<br>09.28 hs. PE5 Siete Robles \u2013 Cesar Mascetti 1<br>10.01 hs. PE6 Sin Apuro \u2013 Pro Ciclismo 1<br>11.59 hs. PE7 Siete Robles \u2013 Cesar Mascetti 2<br>12.32 hs. PE8 Sin Apuro \u2013\u00a0Pro\u00a0Ciclismo\u00a02<\/p>\n\n\n\n<figure class=\"wp-block-image size-large\"><img decoding=\"async\" width=\"1024\" height=\"577\" data-attachment-id=\"121995\" data-permalink=\"https:\/\/eldiariodesanpedro.com.ar\/sitio\/recorrido-de-la-fecha-del-campeonato-de-rally-federal-a-realizarce-este-fin-de-semana-en-san-pedro\/medida-4-4\/\" data-orig-file=\"https:\/\/eldiariodesanpedro.com.ar\/sitio\/wp-content\/uploads\/2023\/09\/medida-4.png\" data-orig-size=\"1119,630\" data-comments-opened=\"0\" data-image-meta=\"{&quot;aperture&quot;:&quot;0&quot;,&quot;credit&quot;:&quot;&quot;,&quot;camera&quot;:&quot;&quot;,&quot;caption&quot;:&quot;&quot;,&quot;created_timestamp&quot;:&quot;0&quot;,&quot;copyright&quot;:&quot;&quot;,&quot;focal_length&quot;:&quot;0&quot;,&quot;iso&quot;:&quot;0&quot;,&quot;shutter_speed&quot;:&quot;0&quot;,&quot;title&quot;:&quot;&quot;,&quot;orientation&quot;:&quot;0&quot;}\" data-image-title=\"medida-4\" data-image-description=\"\" data-image-caption=\"\" data-large-file=\"https:\/\/eldiariodesanpedro.com.ar\/sitio\/wp-content\/uploads\/2023\/09\/medida-4-1024x577.png\" data-src=\"https:\/\/eldiariodesanpedro.com.ar\/sitio\/wp-content\/uploads\/2023\/09\/medida-4-1024x577.png\" alt=\"\" class=\"wp-image-121995 lazyload\" data-srcset=\"https:\/\/eldiariodesanpedro.com.ar\/sitio\/wp-content\/uploads\/2023\/09\/medida-4-1024x577.png 1024w, https:\/\/eldiariodesanpedro.com.ar\/sitio\/wp-content\/uploads\/2023\/09\/medida-4-300x169.png 300w, https:\/\/eldiariodesanpedro.com.ar\/sitio\/wp-content\/uploads\/2023\/09\/medida-4-768x432.png 768w, https:\/\/eldiariodesanpedro.com.ar\/sitio\/wp-content\/uploads\/2023\/09\/medida-4.png 1119w\" data-sizes=\"(max-width: 1024px) 100vw, 1024px\" src=\"data:image\/svg+xml;base64,PHN2ZyB3aWR0aD0iMSIgaGVpZ2h0PSIxIiB4bWxucz0iaHR0cDovL3d3dy53My5vcmcvMjAwMC9zdmciPjwvc3ZnPg==\" style=\"--smush-placeholder-width: 1024px; --smush-placeholder-aspect-ratio: 1024\/577;\" \/><\/figure>\n\n\n<a href=\"https:\/\/eldiariodesanpedro.com.ar\/sitio\/wp-content\/uploads\/2023\/09\/Planos.pdf\" class=\"pdfemb-viewer\" style=\"\" data-width=\"max\" data-height=\"max\" data-toolbar=\"bottom\" data-toolbar-fixed=\"off\">Planos<\/a>\n<p class=\"wp-block-pdfemb-pdf-embedder-viewer\"><\/p>\n\n\n<a href=\"https:\/\/eldiariodesanpedro.com.ar\/sitio\/wp-content\/uploads\/2023\/09\/ITINERARIO-Y-CRONOGRAMA.pdf\" class=\"pdfemb-viewer\" style=\"\" data-width=\"max\" data-height=\"max\" data-toolbar=\"bottom\" data-toolbar-fixed=\"off\">ITINERARIO-Y-CRONOGRAMA<\/a>\n<p class=\"wp-block-pdfemb-pdf-embedder-viewer\"><\/p>\n","protected":false},"excerpt":{"rendered":"<p>Compartimos informaci\u00f3n sobre la quinta fecha de la temporada 2023 del Campeonato Federal de Rally que se desarrollar\u00e1 en nuestra ciudad, del 8 al 10 de septiembre. Durante este evento, se disputar\u00e1 la Copa Osvaldo \u00abPato\u00bb Morresi. Viernes 8 de septiembre14.30 hs. Shakedown17.30 hs. Parque de largada (Palacio Municipal)20.00 hs. Largada Simb\u00f3lica Rampa (Palacio Municipal) [&hellip;]<\/p>\n","protected":false},"author":4,"featured_media":121988,"comment_status":"closed","ping_status":"closed","sticky":false,"template":"","format":"standard","meta":{"om_disable_all_campaigns":false,"_jetpack_memberships_contains_paid_content":false,"footnotes":""},"categories":[50,101,2],"tags":[197,696,33,19],"class_list":["post-121987","post","type-post","status-publish","format-standard","has-post-thumbnail","hentry","category-destacadas","category-interes-general-locales","category-locales","tag-buenos-aires","tag-interes-general","tag-locales","tag-san-pedro"],"aioseo_notices":[],"gutentor_comment":0,"jetpack_featured_media_url":"https:\/\/eldiariodesanpedro.com.ar\/sitio\/wp-content\/uploads\/2023\/09\/medida-3.png","jetpack_shortlink":"https:\/\/wp.me\/p6RhLt-vJx","jetpack_sharing_enabled":true,"_links":{"self":[{"href":"https:\/\/eldiariodesanpedro.com.ar\/sitio\/wp-json\/wp\/v2\/posts\/121987","targetHints":{"allow":["GET"]}}],"collection":[{"href":"https:\/\/eldiariodesanpedro.com.ar\/sitio\/wp-json\/wp\/v2\/posts"}],"about":[{"href":"https:\/\/eldiariodesanpedro.com.ar\/sitio\/wp-json\/wp\/v2\/types\/post"}],"author":[{"embeddable":true,"href":"https:\/\/eldiariodesanpedro.com.ar\/sitio\/wp-json\/wp\/v2\/users\/4"}],"replies":[{"embeddable":true,"href":"https:\/\/eldiariodesanpedro.com.ar\/sitio\/wp-json\/wp\/v2\/comments?post=121987"}],"version-history":[{"count":3,"href":"https:\/\/eldiariodesanpedro.com.ar\/sitio\/wp-json\/wp\/v2\/posts\/121987\/revisions"}],"predecessor-version":[{"id":121996,"href":"https:\/\/eldiariodesanpedro.com.ar\/sitio\/wp-json\/wp\/v2\/posts\/121987\/revisions\/121996"}],"wp:featuredmedia":[{"embeddable":true,"href":"https:\/\/eldiariodesanpedro.com.ar\/sitio\/wp-json\/wp\/v2\/media\/121988"}],"wp:attachment":[{"href":"https:\/\/eldiariodesanpedro.com.ar\/sitio\/wp-json\/wp\/v2\/media?parent=121987"}],"wp:term":[{"taxonomy":"category","embeddable":true,"href":"https:\/\/eldiariodesanpedro.com.ar\/sitio\/wp-json\/wp\/v2\/categories?post=121987"},{"taxonomy":"post_tag","embeddable":true,"href":"https:\/\/eldiariodesanpedro.com.ar\/sitio\/wp-json\/wp\/v2\/tags?post=121987"}],"curies":[{"name":"wp","href":"https:\/\/api.w.org\/{rel}","templated":true}]}}