{"id":121983,"date":"2023-09-06T12:31:44","date_gmt":"2023-09-06T15:31:44","guid":{"rendered":"https:\/\/eldiariodesanpedro.com.ar\/sitio\/?p=121983"},"modified":"2023-09-06T12:31:45","modified_gmt":"2023-09-06T15:31:45","slug":"recomendaciones-y-consejos-importantes-para-su-seguridad-en-el-uso-de-redes-sociales-y-plataformas-digitales","status":"publish","type":"post","link":"https:\/\/eldiariodesanpedro.com.ar\/sitio\/recomendaciones-y-consejos-importantes-para-su-seguridad-en-el-uso-de-redes-sociales-y-plataformas-digitales\/","title":{"rendered":"Recomendaciones y consejos importantes para su seguridad en el uso de redes sociales y plataformas digitales"},"content":{"rendered":"<!-- VideographyWP Plugin Message: Automatic video embedding prevented by plugin options. -->\n\n<p>La Oficina Municipal de Defensa del Consumidor, recuerda que es importante maximizar las medidas de prevenci\u00f3n en el uso de redes sociales y plataformas digitales, para realizar tr\u00e1mites en oficinas p\u00fablicas o cualquier gesti\u00f3n no presencial en la que se deben brindar datos personales, identificaci\u00f3n o cuentas bancarias.<\/p>\n\n\n\n<p>Si tiene dudas o no utiliza habitualmente medios digitales, es importante pedir ayuda a familiares o amigos de confianza, que seguramente podr\u00e1n darle mayor tranquilidad.<\/p>\n\n\n\n<p>Verifique que los remitentes de los mensajes, incluso los de empresas, organismos o personas conocidas sigan siendo los mismos.<\/p>\n\n\n\n<p>Lea cada correo electr\u00f3nico recibido con cuidado.<\/p>\n\n\n\n<p>Verifique que los sitios remitentes sean leg\u00edtimos: a veces la apariencia es id\u00e9ntica a la original pero las direcciones de correo electr\u00f3nico cambian.<\/p>\n\n\n\n<p>Active la autenticidad de dos pasos en cuentas de redes sociales y WhatsApp, o las plataformas digitales que utilice.<\/p>\n\n\n\n<p>No brinde ning\u00fan dato personal (usuarios, claves, contrase\u00f1as, pin, Clave de la Seguridad Social, Clave Token, DNI original o fotocopia, foto, ni ning\u00fan tipo de dato) por tel\u00e9fono, correo electr\u00f3nico, red social, WhatsApp o mensaje de texto.<\/p>\n\n\n\n<p>No use equipos p\u00fablicos o de terceras personas para acceder a aplicaciones, redes sociales o cuentas personales.<\/p>\n\n\n\n<p>No use redes de wi-fi p\u00fablicas para acceder a sitios que requieran contrase\u00f1as.<\/p>\n\n\n\n<p>Siempre hay que tomarse un minuto antes de actuar.<\/p>\n\n\n\n<p>Quienes realizan este tipo de estafas apelan a las emociones, descuidos y urgencias.<\/p>\n\n\n\n<p>OMIC &#8211; Oficina Municipal de Defensa del Consumidor<br>Mitre 2069<br>Lunes a viernes de 8 a 14<br>WhatsApp 3329 477998<br>Tel\u00e9fono 4-24-039<br>Mail: defensaconsumidor@sanpedro.gob.ar<\/p>\n\n\n\n<figure class=\"wp-block-image size-full\"><img decoding=\"async\" width=\"630\" height=\"630\" data-attachment-id=\"121984\" data-permalink=\"https:\/\/eldiariodesanpedro.com.ar\/sitio\/recomendaciones-y-consejos-importantes-para-su-seguridad-en-el-uso-de-redes-sociales-y-plataformas-digitales\/imagen-de-whatsapp-2023-09-06-a-las-09-24-27\/\" data-orig-file=\"https:\/\/eldiariodesanpedro.com.ar\/sitio\/wp-content\/uploads\/2023\/09\/Imagen-de-WhatsApp-2023-09-06-a-las-09.24.27.jpg\" data-orig-size=\"630,630\" data-comments-opened=\"0\" data-image-meta=\"{&quot;aperture&quot;:&quot;0&quot;,&quot;credit&quot;:&quot;&quot;,&quot;camera&quot;:&quot;&quot;,&quot;caption&quot;:&quot;&quot;,&quot;created_timestamp&quot;:&quot;0&quot;,&quot;copyright&quot;:&quot;&quot;,&quot;focal_length&quot;:&quot;0&quot;,&quot;iso&quot;:&quot;0&quot;,&quot;shutter_speed&quot;:&quot;0&quot;,&quot;title&quot;:&quot;&quot;,&quot;orientation&quot;:&quot;0&quot;}\" data-image-title=\"Imagen de WhatsApp 2023-09-06 a las 09.24.27\" data-image-description=\"\" data-image-caption=\"\" data-large-file=\"https:\/\/eldiariodesanpedro.com.ar\/sitio\/wp-content\/uploads\/2023\/09\/Imagen-de-WhatsApp-2023-09-06-a-las-09.24.27.jpg\" data-src=\"https:\/\/eldiariodesanpedro.com.ar\/sitio\/wp-content\/uploads\/2023\/09\/Imagen-de-WhatsApp-2023-09-06-a-las-09.24.27.jpg\" alt=\"\" class=\"wp-image-121984 lazyload\" data-srcset=\"https:\/\/eldiariodesanpedro.com.ar\/sitio\/wp-content\/uploads\/2023\/09\/Imagen-de-WhatsApp-2023-09-06-a-las-09.24.27.jpg 630w, https:\/\/eldiariodesanpedro.com.ar\/sitio\/wp-content\/uploads\/2023\/09\/Imagen-de-WhatsApp-2023-09-06-a-las-09.24.27-300x300.jpg 300w, https:\/\/eldiariodesanpedro.com.ar\/sitio\/wp-content\/uploads\/2023\/09\/Imagen-de-WhatsApp-2023-09-06-a-las-09.24.27-150x150.jpg 150w\" data-sizes=\"(max-width: 630px) 100vw, 630px\" src=\"data:image\/svg+xml;base64,PHN2ZyB3aWR0aD0iMSIgaGVpZ2h0PSIxIiB4bWxucz0iaHR0cDovL3d3dy53My5vcmcvMjAwMC9zdmciPjwvc3ZnPg==\" style=\"--smush-placeholder-width: 630px; --smush-placeholder-aspect-ratio: 630\/630;\" \/><\/figure>\n","protected":false},"excerpt":{"rendered":"<p>La Oficina Municipal de Defensa del Consumidor, recuerda que es importante maximizar las medidas de prevenci\u00f3n en el uso de redes sociales y plataformas digitales, para realizar tr\u00e1mites en oficinas p\u00fablicas o cualquier gesti\u00f3n no presencial en la que se deben brindar datos personales, identificaci\u00f3n o cuentas bancarias. Si tiene dudas o no utiliza habitualmente [&hellip;]<\/p>\n","protected":false},"author":4,"featured_media":121985,"comment_status":"closed","ping_status":"closed","sticky":false,"template":"","format":"standard","meta":{"om_disable_all_campaigns":false,"_jetpack_memberships_contains_paid_content":false,"footnotes":""},"categories":[50,101,2],"tags":[197,696,33,19],"class_list":["post-121983","post","type-post","status-publish","format-standard","has-post-thumbnail","hentry","category-destacadas","category-interes-general-locales","category-locales","tag-buenos-aires","tag-interes-general","tag-locales","tag-san-pedro"],"aioseo_notices":[],"gutentor_comment":0,"jetpack_featured_media_url":"https:\/\/eldiariodesanpedro.com.ar\/sitio\/wp-content\/uploads\/2023\/09\/redes.png","jetpack_shortlink":"https:\/\/wp.me\/p6RhLt-vJt","jetpack_sharing_enabled":true,"_links":{"self":[{"href":"https:\/\/eldiariodesanpedro.com.ar\/sitio\/wp-json\/wp\/v2\/posts\/121983","targetHints":{"allow":["GET"]}}],"collection":[{"href":"https:\/\/eldiariodesanpedro.com.ar\/sitio\/wp-json\/wp\/v2\/posts"}],"about":[{"href":"https:\/\/eldiariodesanpedro.com.ar\/sitio\/wp-json\/wp\/v2\/types\/post"}],"author":[{"embeddable":true,"href":"https:\/\/eldiariodesanpedro.com.ar\/sitio\/wp-json\/wp\/v2\/users\/4"}],"replies":[{"embeddable":true,"href":"https:\/\/eldiariodesanpedro.com.ar\/sitio\/wp-json\/wp\/v2\/comments?post=121983"}],"version-history":[{"count":1,"href":"https:\/\/eldiariodesanpedro.com.ar\/sitio\/wp-json\/wp\/v2\/posts\/121983\/revisions"}],"predecessor-version":[{"id":121986,"href":"https:\/\/eldiariodesanpedro.com.ar\/sitio\/wp-json\/wp\/v2\/posts\/121983\/revisions\/121986"}],"wp:featuredmedia":[{"embeddable":true,"href":"https:\/\/eldiariodesanpedro.com.ar\/sitio\/wp-json\/wp\/v2\/media\/121985"}],"wp:attachment":[{"href":"https:\/\/eldiariodesanpedro.com.ar\/sitio\/wp-json\/wp\/v2\/media?parent=121983"}],"wp:term":[{"taxonomy":"category","embeddable":true,"href":"https:\/\/eldiariodesanpedro.com.ar\/sitio\/wp-json\/wp\/v2\/categories?post=121983"},{"taxonomy":"post_tag","embeddable":true,"href":"https:\/\/eldiariodesanpedro.com.ar\/sitio\/wp-json\/wp\/v2\/tags?post=121983"}],"curies":[{"name":"wp","href":"https:\/\/api.w.org\/{rel}","templated":true}]}}