{"id":121976,"date":"2023-09-06T11:09:59","date_gmt":"2023-09-06T14:09:59","guid":{"rendered":"https:\/\/eldiariodesanpedro.com.ar\/sitio\/?p=121976"},"modified":"2023-09-06T11:10:00","modified_gmt":"2023-09-06T14:10:00","slug":"cambios-en-el-sistema-de-pago-del-transporte-publico-en-san-pedro","status":"publish","type":"post","link":"https:\/\/eldiariodesanpedro.com.ar\/sitio\/cambios-en-el-sistema-de-pago-del-transporte-publico-en-san-pedro\/","title":{"rendered":"Cambios en el sistema de pago del transporte p\u00fablico en San Pedro"},"content":{"rendered":"<!-- VideographyWP Plugin Message: Automatic video embedding prevented by plugin options. -->\n\n<p>La Municipalidad de San Pedro, a trav\u00e9s de la Unidad de Gesti\u00f3n SUBE, adscrita a la Secretar\u00eda de Servicios P\u00fablicos, informa a la comunidad que a partir del 1 de octubre del presente a\u00f1o, la tarjeta MI BOLETO utilizada en el transporte p\u00fablico de colectivos dejar\u00e1 de estar en funcionamiento. A partir de esa fecha, el \u00fanico medio de pago v\u00e1lido para los pasajeros ser\u00e1 la tarjeta SUBE.<\/p>\n\n\n\n<p>Para cualquier consulta o informaci\u00f3n adicional, los usuarios pueden dirigirse a la Unidad de Gesti\u00f3n SUBE, ubicada en la Calle&nbsp;Mitre&nbsp;2609.<\/p>\n","protected":false},"excerpt":{"rendered":"<p>La Municipalidad de San Pedro, a trav\u00e9s de la Unidad de Gesti\u00f3n SUBE, adscrita a la Secretar\u00eda de Servicios P\u00fablicos, informa a la comunidad que a partir del 1 de octubre del presente a\u00f1o, la tarjeta MI BOLETO utilizada en el transporte p\u00fablico de colectivos dejar\u00e1 de estar en funcionamiento. A partir de esa fecha, [&hellip;]<\/p>\n","protected":false},"author":4,"featured_media":3981,"comment_status":"closed","ping_status":"closed","sticky":false,"template":"","format":"standard","meta":{"om_disable_all_campaigns":false,"_jetpack_memberships_contains_paid_content":false,"footnotes":""},"categories":[101,2],"tags":[197,696,33,19],"class_list":["post-121976","post","type-post","status-publish","format-standard","has-post-thumbnail","hentry","category-interes-general-locales","category-locales","tag-buenos-aires","tag-interes-general","tag-locales","tag-san-pedro"],"aioseo_notices":[],"gutentor_comment":0,"jetpack_featured_media_url":"https:\/\/eldiariodesanpedro.com.ar\/sitio\/wp-content\/uploads\/2016\/05\/verselli.jpg","jetpack_shortlink":"https:\/\/wp.me\/p6RhLt-vJm","jetpack_sharing_enabled":true,"_links":{"self":[{"href":"https:\/\/eldiariodesanpedro.com.ar\/sitio\/wp-json\/wp\/v2\/posts\/121976","targetHints":{"allow":["GET"]}}],"collection":[{"href":"https:\/\/eldiariodesanpedro.com.ar\/sitio\/wp-json\/wp\/v2\/posts"}],"about":[{"href":"https:\/\/eldiariodesanpedro.com.ar\/sitio\/wp-json\/wp\/v2\/types\/post"}],"author":[{"embeddable":true,"href":"https:\/\/eldiariodesanpedro.com.ar\/sitio\/wp-json\/wp\/v2\/users\/4"}],"replies":[{"embeddable":true,"href":"https:\/\/eldiariodesanpedro.com.ar\/sitio\/wp-json\/wp\/v2\/comments?post=121976"}],"version-history":[{"count":1,"href":"https:\/\/eldiariodesanpedro.com.ar\/sitio\/wp-json\/wp\/v2\/posts\/121976\/revisions"}],"predecessor-version":[{"id":121977,"href":"https:\/\/eldiariodesanpedro.com.ar\/sitio\/wp-json\/wp\/v2\/posts\/121976\/revisions\/121977"}],"wp:featuredmedia":[{"embeddable":true,"href":"https:\/\/eldiariodesanpedro.com.ar\/sitio\/wp-json\/wp\/v2\/media\/3981"}],"wp:attachment":[{"href":"https:\/\/eldiariodesanpedro.com.ar\/sitio\/wp-json\/wp\/v2\/media?parent=121976"}],"wp:term":[{"taxonomy":"category","embeddable":true,"href":"https:\/\/eldiariodesanpedro.com.ar\/sitio\/wp-json\/wp\/v2\/categories?post=121976"},{"taxonomy":"post_tag","embeddable":true,"href":"https:\/\/eldiariodesanpedro.com.ar\/sitio\/wp-json\/wp\/v2\/tags?post=121976"}],"curies":[{"name":"wp","href":"https:\/\/api.w.org\/{rel}","templated":true}]}}