{"id":121938,"date":"2023-09-04T14:22:47","date_gmt":"2023-09-04T17:22:47","guid":{"rendered":"https:\/\/eldiariodesanpedro.com.ar\/sitio\/?p=121938"},"modified":"2023-09-04T14:22:49","modified_gmt":"2023-09-04T17:22:49","slug":"la-cancha-del-club-mitre-se-llamara-jose-cholo-amorin","status":"publish","type":"post","link":"https:\/\/eldiariodesanpedro.com.ar\/sitio\/la-cancha-del-club-mitre-se-llamara-jose-cholo-amorin\/","title":{"rendered":"La cancha del Club Mitre se llamar\u00e1 Jos\u00e9 \u00abCholo\u00bb Amorin"},"content":{"rendered":"<!-- VideographyWP Plugin Message: Automatic video embedding prevented by plugin options. -->\n\n<p>La propuesta lanzada por la Comisi\u00f3n Directiva se inclin\u00f3 por el ex dirigente y socio ya fallecido. Hab\u00eda cuatro opciones.<\/p>\n\n\n\n<p>Mientras avanza la obra ya se defini\u00f3 c\u00f3mo ser\u00e1 denominada la cancha de f\u00fatbol del Club Atl\u00e9tico Mitre.<\/p>\n\n\n\n<p>La misma se llamar\u00e1 Jos\u00e9 \u00abCholo\u00bb Amorin, en homenaje al recordado dirigente fallecido hace poco tiempo.<\/p>\n\n\n\n<p>La dirigencia \u00abRoja\u00bb hab\u00eda convocado a socios y simpatizantes para que a trav\u00e9s de las redes sociales propongan con su voto el nombre del escenario deportivo y finalmente se impuso el del \u00abCholo\u00bb Amorin.<\/p>\n\n\n\n<p>En total reuni\u00f3 un 38,6% de los votos contra el 27% de Marta Toscanini, 17,8% de Egidio \u00abYiyo\u00bb Fuertes y 16,6% de Angel Valmiro \u00abCachilo\u00bb Boccardo. Este \u00faltimo ya hab\u00eda sido homenajeado en vida cuando la dirigencia \u00abRoja\u00bb le coloc\u00f3 su nombre a una de las tribunas de la cancha de f\u00fatbol infantil el d\u00eda de su inauguraci\u00f3n.<\/p>\n\n\n\n<p>Todos, fueron, son y ser\u00e1n, entre otros, referentes eternos de la historia del club; en este caso la balanza se inclin\u00f3 por Amorin, integrante de una familia ligada desde siempre al Club Atl\u00e9tico Mitre, y adem\u00e1s de su paso por la dirigencia desde el alambrado supo sufrir y celebrar los momentos m\u00e1s gloriosos de la instituci\u00f3n \u00abRoja\u00bb.<\/p>\n","protected":false},"excerpt":{"rendered":"<p>La propuesta lanzada por la Comisi\u00f3n Directiva se inclin\u00f3 por el ex dirigente y socio ya fallecido. Hab\u00eda cuatro opciones. Mientras avanza la obra ya se defini\u00f3 c\u00f3mo ser\u00e1 denominada la cancha de f\u00fatbol del Club Atl\u00e9tico Mitre. La misma se llamar\u00e1 Jos\u00e9 \u00abCholo\u00bb Amorin, en homenaje al recordado dirigente fallecido hace poco tiempo. La [&hellip;]<\/p>\n","protected":false},"author":4,"featured_media":121939,"comment_status":"closed","ping_status":"closed","sticky":false,"template":"","format":"standard","meta":{"om_disable_all_campaigns":false,"_jetpack_memberships_contains_paid_content":false,"footnotes":""},"categories":[101,2],"tags":[197,696,33,19],"class_list":["post-121938","post","type-post","status-publish","format-standard","has-post-thumbnail","hentry","category-interes-general-locales","category-locales","tag-buenos-aires","tag-interes-general","tag-locales","tag-san-pedro"],"aioseo_notices":[],"gutentor_comment":0,"jetpack_featured_media_url":"https:\/\/eldiariodesanpedro.com.ar\/sitio\/wp-content\/uploads\/2023\/09\/0000022157-resized-1920x1080-1.jpg","jetpack_shortlink":"https:\/\/wp.me\/p6RhLt-vIK","jetpack_sharing_enabled":true,"_links":{"self":[{"href":"https:\/\/eldiariodesanpedro.com.ar\/sitio\/wp-json\/wp\/v2\/posts\/121938","targetHints":{"allow":["GET"]}}],"collection":[{"href":"https:\/\/eldiariodesanpedro.com.ar\/sitio\/wp-json\/wp\/v2\/posts"}],"about":[{"href":"https:\/\/eldiariodesanpedro.com.ar\/sitio\/wp-json\/wp\/v2\/types\/post"}],"author":[{"embeddable":true,"href":"https:\/\/eldiariodesanpedro.com.ar\/sitio\/wp-json\/wp\/v2\/users\/4"}],"replies":[{"embeddable":true,"href":"https:\/\/eldiariodesanpedro.com.ar\/sitio\/wp-json\/wp\/v2\/comments?post=121938"}],"version-history":[{"count":1,"href":"https:\/\/eldiariodesanpedro.com.ar\/sitio\/wp-json\/wp\/v2\/posts\/121938\/revisions"}],"predecessor-version":[{"id":121940,"href":"https:\/\/eldiariodesanpedro.com.ar\/sitio\/wp-json\/wp\/v2\/posts\/121938\/revisions\/121940"}],"wp:featuredmedia":[{"embeddable":true,"href":"https:\/\/eldiariodesanpedro.com.ar\/sitio\/wp-json\/wp\/v2\/media\/121939"}],"wp:attachment":[{"href":"https:\/\/eldiariodesanpedro.com.ar\/sitio\/wp-json\/wp\/v2\/media?parent=121938"}],"wp:term":[{"taxonomy":"category","embeddable":true,"href":"https:\/\/eldiariodesanpedro.com.ar\/sitio\/wp-json\/wp\/v2\/categories?post=121938"},{"taxonomy":"post_tag","embeddable":true,"href":"https:\/\/eldiariodesanpedro.com.ar\/sitio\/wp-json\/wp\/v2\/tags?post=121938"}],"curies":[{"name":"wp","href":"https:\/\/api.w.org\/{rel}","templated":true}]}}