{"id":121935,"date":"2023-09-04T14:13:30","date_gmt":"2023-09-04T17:13:30","guid":{"rendered":"https:\/\/eldiariodesanpedro.com.ar\/sitio\/?p=121935"},"modified":"2023-09-04T14:13:33","modified_gmt":"2023-09-04T17:13:33","slug":"fallecio-el-ex-presidente-de-la-liga-e-independencia-nestor-yayi-chavez","status":"publish","type":"post","link":"https:\/\/eldiariodesanpedro.com.ar\/sitio\/fallecio-el-ex-presidente-de-la-liga-e-independencia-nestor-yayi-chavez\/","title":{"rendered":"Falleci\u00f3 el ex presidente de la Liga e Independencia N\u00e9stor \u00abYayi\u00bb Ch\u00e1vez"},"content":{"rendered":"<!-- VideographyWP Plugin Message: Automatic video embedding prevented by plugin options. -->\n\n<p>Tenia 62 a\u00f1os y tambi\u00e9n fue dirigente de los trabajadores municipales, Secretario Legislativo y \u00e1rbitro de AFA.<\/p>\n\n\n\n<p>En la ma\u00f1ana del domingo falleci\u00f3 el dirigente N\u00e9stor \u00abYayi\u00bb Ch\u00e1vez.<\/p>\n\n\n\n<p>Ten\u00eda 62 a\u00f1os y desde hace unos d\u00edas se encontraba internado debido a que presentaba un cuadro de salud delicado.<\/p>\n\n\n\n<p>\u00abYayi\u00bb tuvo una intensa actividad dirigencial pol\u00edtica y social en distintas entidades de la ciudad.<\/p>\n\n\n\n<p>Fue un activo militante peronista, Secretario Legislativo y como trabajador municipal tambi\u00e9n lider\u00f3 el sector gremial. En los \u00faltimos tiempos lo hac\u00eda acompa\u00f1ado a los jubilados municipales.<\/p>\n\n\n\n<p>En su juventud fue \u00e1rbitro de futbol, llegando a dirigir en el f\u00fatbol infantil, en los viejos torneos regionales de AFA, tambi\u00e9n presidi\u00f3 la Liga Deportiva Sampedrina y ocup\u00f3 el cargo de presidente de Independencia F\u00fatbol Club.<\/p>\n\n\n\n<p>Fue esposo de la ex concejal Sandra Mari y padre del periodista deportivo, Secretario del Partido Justicialista y contador, Mat\u00edas Ch\u00e1vez.<\/p>\n\n\n\n<p>Desde este medio expresamos nuestras condolencias y acompa\u00f1amos a su estimada familia en este momento de profundo pesar.<\/p>\n","protected":false},"excerpt":{"rendered":"<p>Tenia 62 a\u00f1os y tambi\u00e9n fue dirigente de los trabajadores municipales, Secretario Legislativo y \u00e1rbitro de AFA. En la ma\u00f1ana del domingo falleci\u00f3 el dirigente N\u00e9stor \u00abYayi\u00bb Ch\u00e1vez. Ten\u00eda 62 a\u00f1os y desde hace unos d\u00edas se encontraba internado debido a que presentaba un cuadro de salud delicado. \u00abYayi\u00bb tuvo una intensa actividad dirigencial pol\u00edtica [&hellip;]<\/p>\n","protected":false},"author":4,"featured_media":121936,"comment_status":"closed","ping_status":"closed","sticky":false,"template":"","format":"standard","meta":{"om_disable_all_campaigns":false,"_jetpack_memberships_contains_paid_content":false,"footnotes":""},"categories":[101,2],"tags":[197,696,33,19],"class_list":["post-121935","post","type-post","status-publish","format-standard","has-post-thumbnail","hentry","category-interes-general-locales","category-locales","tag-buenos-aires","tag-interes-general","tag-locales","tag-san-pedro"],"aioseo_notices":[],"gutentor_comment":0,"jetpack_featured_media_url":"https:\/\/eldiariodesanpedro.com.ar\/sitio\/wp-content\/uploads\/2023\/09\/0000022156-resized-1920x1080-1.png","jetpack_shortlink":"https:\/\/wp.me\/p6RhLt-vIH","jetpack_sharing_enabled":true,"_links":{"self":[{"href":"https:\/\/eldiariodesanpedro.com.ar\/sitio\/wp-json\/wp\/v2\/posts\/121935","targetHints":{"allow":["GET"]}}],"collection":[{"href":"https:\/\/eldiariodesanpedro.com.ar\/sitio\/wp-json\/wp\/v2\/posts"}],"about":[{"href":"https:\/\/eldiariodesanpedro.com.ar\/sitio\/wp-json\/wp\/v2\/types\/post"}],"author":[{"embeddable":true,"href":"https:\/\/eldiariodesanpedro.com.ar\/sitio\/wp-json\/wp\/v2\/users\/4"}],"replies":[{"embeddable":true,"href":"https:\/\/eldiariodesanpedro.com.ar\/sitio\/wp-json\/wp\/v2\/comments?post=121935"}],"version-history":[{"count":1,"href":"https:\/\/eldiariodesanpedro.com.ar\/sitio\/wp-json\/wp\/v2\/posts\/121935\/revisions"}],"predecessor-version":[{"id":121937,"href":"https:\/\/eldiariodesanpedro.com.ar\/sitio\/wp-json\/wp\/v2\/posts\/121935\/revisions\/121937"}],"wp:featuredmedia":[{"embeddable":true,"href":"https:\/\/eldiariodesanpedro.com.ar\/sitio\/wp-json\/wp\/v2\/media\/121936"}],"wp:attachment":[{"href":"https:\/\/eldiariodesanpedro.com.ar\/sitio\/wp-json\/wp\/v2\/media?parent=121935"}],"wp:term":[{"taxonomy":"category","embeddable":true,"href":"https:\/\/eldiariodesanpedro.com.ar\/sitio\/wp-json\/wp\/v2\/categories?post=121935"},{"taxonomy":"post_tag","embeddable":true,"href":"https:\/\/eldiariodesanpedro.com.ar\/sitio\/wp-json\/wp\/v2\/tags?post=121935"}],"curies":[{"name":"wp","href":"https:\/\/api.w.org\/{rel}","templated":true}]}}