{"id":121933,"date":"2023-09-04T14:08:38","date_gmt":"2023-09-04T17:08:38","guid":{"rendered":"https:\/\/eldiariodesanpedro.com.ar\/sitio\/?p=121933"},"modified":"2023-09-04T14:08:39","modified_gmt":"2023-09-04T17:08:39","slug":"nueva-inscripcion-al-programa-mi-pieza","status":"publish","type":"post","link":"https:\/\/eldiariodesanpedro.com.ar\/sitio\/nueva-inscripcion-al-programa-mi-pieza\/","title":{"rendered":"Nueva inscripci\u00f3n al programa \u201cMi Pieza\u201d"},"content":{"rendered":"<!-- VideographyWP Plugin Message: Automatic video embedding prevented by plugin options. -->\n\n<p>La Direcci\u00f3n de Comisiones de Fomento dependiente de la Secretar\u00eda de Desarrollo Humano informa que se abrir\u00e1n las inscripciones al programa \u201cMi Pieza\u201d a partir del martes 5 al domingo 10 de septiembre.<\/p>\n\n\n\n<p>El programa es destinado a mujeres mayores de 18 a\u00f1os, que tengan certificado de vivienda brindado por RENABAP y podr\u00e1n inscribirse de forma digital a trav\u00e9s del siguiente Link: <a href=\"https:\/\/www.argentina.gob.ar\/desarrollosocial\/mipieza\">https:\/\/www.argentina.gob.ar\/desarrollosocial\/mipieza<\/a> o de manera presencial en la Secretar\u00eda de Desarrollo Humano de la Municipalidad de San Pedro ubicada en Oliveira Cezar y Rivadavia.<\/p>\n\n\n\n<p>Las que ya son beneficiarias del programa no podr\u00e1n volver a participar y quienes se anotaron en inscripciones anteriores y no salieron sorteadas participar\u00e1n del pr\u00f3ximo sorteo sin necesidad de volver a inscribirse.<\/p>\n\n\n\n<p>\u201cMi Pieza\u201d es un programa destinado a mujeres mayores de 18 a\u00f1os residentes en barrios populares del RENABAP que brinda asistencia econ\u00f3mica para refacciones, mejoras y\/o ampliaciones&nbsp;de&nbsp;la&nbsp;vivienda.<\/p>\n","protected":false},"excerpt":{"rendered":"<p>La Direcci\u00f3n de Comisiones de Fomento dependiente de la Secretar\u00eda de Desarrollo Humano informa que se abrir\u00e1n las inscripciones al programa \u201cMi Pieza\u201d a partir del martes 5 al domingo 10 de septiembre. El programa es destinado a mujeres mayores de 18 a\u00f1os, que tengan certificado de vivienda brindado por RENABAP y podr\u00e1n inscribirse de [&hellip;]<\/p>\n","protected":false},"author":4,"featured_media":101751,"comment_status":"closed","ping_status":"closed","sticky":false,"template":"","format":"standard","meta":{"om_disable_all_campaigns":false,"_jetpack_memberships_contains_paid_content":false,"footnotes":""},"categories":[50,101,2],"tags":[197,696,33,19],"class_list":["post-121933","post","type-post","status-publish","format-standard","has-post-thumbnail","hentry","category-destacadas","category-interes-general-locales","category-locales","tag-buenos-aires","tag-interes-general","tag-locales","tag-san-pedro"],"aioseo_notices":[],"gutentor_comment":0,"jetpack_featured_media_url":"https:\/\/eldiariodesanpedro.com.ar\/sitio\/wp-content\/uploads\/2021\/11\/plan-mi-pieza-desarrollo-socialjpg.jpg","jetpack_shortlink":"https:\/\/wp.me\/p6RhLt-vIF","jetpack_sharing_enabled":true,"_links":{"self":[{"href":"https:\/\/eldiariodesanpedro.com.ar\/sitio\/wp-json\/wp\/v2\/posts\/121933","targetHints":{"allow":["GET"]}}],"collection":[{"href":"https:\/\/eldiariodesanpedro.com.ar\/sitio\/wp-json\/wp\/v2\/posts"}],"about":[{"href":"https:\/\/eldiariodesanpedro.com.ar\/sitio\/wp-json\/wp\/v2\/types\/post"}],"author":[{"embeddable":true,"href":"https:\/\/eldiariodesanpedro.com.ar\/sitio\/wp-json\/wp\/v2\/users\/4"}],"replies":[{"embeddable":true,"href":"https:\/\/eldiariodesanpedro.com.ar\/sitio\/wp-json\/wp\/v2\/comments?post=121933"}],"version-history":[{"count":1,"href":"https:\/\/eldiariodesanpedro.com.ar\/sitio\/wp-json\/wp\/v2\/posts\/121933\/revisions"}],"predecessor-version":[{"id":121934,"href":"https:\/\/eldiariodesanpedro.com.ar\/sitio\/wp-json\/wp\/v2\/posts\/121933\/revisions\/121934"}],"wp:featuredmedia":[{"embeddable":true,"href":"https:\/\/eldiariodesanpedro.com.ar\/sitio\/wp-json\/wp\/v2\/media\/101751"}],"wp:attachment":[{"href":"https:\/\/eldiariodesanpedro.com.ar\/sitio\/wp-json\/wp\/v2\/media?parent=121933"}],"wp:term":[{"taxonomy":"category","embeddable":true,"href":"https:\/\/eldiariodesanpedro.com.ar\/sitio\/wp-json\/wp\/v2\/categories?post=121933"},{"taxonomy":"post_tag","embeddable":true,"href":"https:\/\/eldiariodesanpedro.com.ar\/sitio\/wp-json\/wp\/v2\/tags?post=121933"}],"curies":[{"name":"wp","href":"https:\/\/api.w.org\/{rel}","templated":true}]}}