{"id":12193,"date":"2016-12-30T19:36:09","date_gmt":"2016-12-30T22:36:09","guid":{"rendered":"https:\/\/eldiariodesanpedro.com.ar\/sitio\/?p=12193"},"modified":"2016-12-30T19:36:09","modified_gmt":"2016-12-30T22:36:09","slug":"la-denuncia-de-nisman-sera-investigada-por-el-juez-lijo","status":"publish","type":"post","link":"https:\/\/eldiariodesanpedro.com.ar\/sitio\/la-denuncia-de-nisman-sera-investigada-por-el-juez-lijo\/","title":{"rendered":"La denuncia de Nisman ser\u00e1 investigada por el juez Lijo"},"content":{"rendered":"<p><!-- VideographyWP Plugin Message: Automatic video embedding prevented by plugin options. --><br \/>\n(T\u00e9lam) &#8211; Se trata de la causa contra la ex presidenta Cristina Kirchner, el ex canciller H\u00e9ctor Timerman, y otros ex funcionarios por presunto encubrimiento de los imputados iran\u00edes por el atentado a la Amia.<\/p>\n<p>   La causa contra la ex presidenta Cristina Fern\u00e1ndez de Kirchner, el ex canciller H\u00e9ctor Timerman, y otros ex funcionarios por presunto encubrimiento de los imputados iran\u00edes por el atentado a la Amia ser\u00e1 investigada por el juez federal Ariel Lijo, seg\u00fan determin\u00f3 el sorteo de rigor realizado este viernes por la ma\u00f1ana por la C\u00e1mara Federal porte\u00f1a tras el fallo de Casaci\u00f3n que orden\u00f3 abrir una investigaci\u00f3n en base a la denuncia que realizara el luego fallecido fiscal Alberto Nisman.<\/p>\n<p>   Al respecto, el ministro de Justicia, Germ\u00e1n Garavano, calific\u00f3 de \u00abvaliente\u00bb la decisi\u00f3n de la C\u00e1mara de Casaci\u00f3n de reabrir la causa que investiga la denuncia del fallecido fiscal Alberto Nisman respecto del atentado de la AMIA, y consider\u00f3 que era algo \u00abextra\u00f1o\u00bb que \u00abun caso que hab\u00eda denunciado un fiscal y promovido otro, con muchas medidas de prueba, siquiera se abriera\u00bb.<\/p>\n<p>   \u00abEra una cosa extra\u00f1a que un caso que hab\u00eda denunciado un fiscal y promovido otro, con muchas medidas de prueba, siquiera se abriera. Vemos todos los d\u00edas que se abren causas contra funcionarios del actual gobierno y, haber cerrado este caso sin siquiera eso, era llamativo\u00bb, dijo el titular de la cartera de Justicia y Derechos Humanos en di\u00e1logo con radio Mitre. Agreg\u00f3 que en su decisi\u00f3n la C\u00e1mara de Casaci\u00f3n tuvo \u00abuna decisi\u00f3n valiente y un\u00e1nime para que se investigue y se verifique\u00bb, y destac\u00f3 que \u00abese es el ejercicio m\u00e1s valioso de este a\u00f1o, que el gobierno respeta la independencia judicial y la Justicia puede trabajar sin distorsiones, para que se abran los casos y puedan ser investigados\u00bb.<\/p>\n","protected":false},"excerpt":{"rendered":"<p>(T\u00e9lam) &#8211; Se trata de la causa contra la ex presidenta Cristina Kirchner, el ex canciller H\u00e9ctor Timerman, y otros ex funcionarios por presunto encubrimiento de los imputados iran\u00edes por el atentado a la Amia. La causa contra la ex presidenta Cristina Fern\u00e1ndez de Kirchner, el ex canciller H\u00e9ctor Timerman, y otros ex funcionarios por [&hellip;]<\/p>\n","protected":false},"author":4,"featured_media":12194,"comment_status":"open","ping_status":"closed","sticky":false,"template":"","format":"standard","meta":{"om_disable_all_campaigns":false,"_jetpack_memberships_contains_paid_content":false,"footnotes":""},"categories":[3],"tags":[],"class_list":["post-12193","post","type-post","status-publish","format-standard","has-post-thumbnail","hentry","category-nacionales"],"aioseo_notices":[],"gutentor_comment":0,"jetpack_featured_media_url":"https:\/\/eldiariodesanpedro.com.ar\/sitio\/wp-content\/uploads\/2016\/12\/Nisman.jpg","jetpack_shortlink":"https:\/\/wp.me\/p6RhLt-3aF","jetpack_sharing_enabled":true,"_links":{"self":[{"href":"https:\/\/eldiariodesanpedro.com.ar\/sitio\/wp-json\/wp\/v2\/posts\/12193","targetHints":{"allow":["GET"]}}],"collection":[{"href":"https:\/\/eldiariodesanpedro.com.ar\/sitio\/wp-json\/wp\/v2\/posts"}],"about":[{"href":"https:\/\/eldiariodesanpedro.com.ar\/sitio\/wp-json\/wp\/v2\/types\/post"}],"author":[{"embeddable":true,"href":"https:\/\/eldiariodesanpedro.com.ar\/sitio\/wp-json\/wp\/v2\/users\/4"}],"replies":[{"embeddable":true,"href":"https:\/\/eldiariodesanpedro.com.ar\/sitio\/wp-json\/wp\/v2\/comments?post=12193"}],"version-history":[{"count":1,"href":"https:\/\/eldiariodesanpedro.com.ar\/sitio\/wp-json\/wp\/v2\/posts\/12193\/revisions"}],"predecessor-version":[{"id":12195,"href":"https:\/\/eldiariodesanpedro.com.ar\/sitio\/wp-json\/wp\/v2\/posts\/12193\/revisions\/12195"}],"wp:featuredmedia":[{"embeddable":true,"href":"https:\/\/eldiariodesanpedro.com.ar\/sitio\/wp-json\/wp\/v2\/media\/12194"}],"wp:attachment":[{"href":"https:\/\/eldiariodesanpedro.com.ar\/sitio\/wp-json\/wp\/v2\/media?parent=12193"}],"wp:term":[{"taxonomy":"category","embeddable":true,"href":"https:\/\/eldiariodesanpedro.com.ar\/sitio\/wp-json\/wp\/v2\/categories?post=12193"},{"taxonomy":"post_tag","embeddable":true,"href":"https:\/\/eldiariodesanpedro.com.ar\/sitio\/wp-json\/wp\/v2\/tags?post=12193"}],"curies":[{"name":"wp","href":"https:\/\/api.w.org\/{rel}","templated":true}]}}