{"id":121927,"date":"2023-09-04T13:47:25","date_gmt":"2023-09-04T16:47:25","guid":{"rendered":"https:\/\/eldiariodesanpedro.com.ar\/sitio\/?p=121927"},"modified":"2023-09-04T13:47:26","modified_gmt":"2023-09-04T16:47:26","slug":"constitucion-del-nuevo-centro-municipal-marcelina-suarez-en-la-tosquera","status":"publish","type":"post","link":"https:\/\/eldiariodesanpedro.com.ar\/sitio\/constitucion-del-nuevo-centro-municipal-marcelina-suarez-en-la-tosquera\/","title":{"rendered":"Constituci\u00f3n del Nuevo Centro Municipal &#8216;Marcelina Su\u00e1rez&#8217; en La Tosquera"},"content":{"rendered":"<!-- VideographyWP Plugin Message: Automatic video embedding prevented by plugin options. -->\n\n<p>En el d\u00eda de hoy, se llev\u00f3 a cabo una reuni\u00f3n de trabajo para dar inicio a las operaciones del nuevo Centro Municipal de La Tosquera, que llevar\u00e1 el nombre de \u00abMarcelina Su\u00e1rez\u00bb.<\/p>\n\n\n\n<p>Participaron del encuentro el Secretario de Desarrollo Humano, Walter S\u00e1nchez, representantes del Programa Envi\u00f3n, del MTE, vecinos y vecinas convocados especialmente para coordinar el funcionamiento de este espacio.<\/p>\n\n\n\n<p>Durante el encuentro se plante\u00f3 la idea de establecer una mesa intersectorial que englobe a diversas instituciones y organizaciones que forman parte de la comunidad del barrio La Tosquera. El prop\u00f3sito de esta mesa ser\u00e1 la construcci\u00f3n colaborativa de una agenda de actividades y usos comunitarios para el Centro, asegurando as\u00ed un enfoque inclusivo y participativo\u00a0en\u00a0su\u00a0uso.<\/p>\n\n\n\n<figure class=\"wp-block-image size-large\"><img decoding=\"async\" width=\"1024\" height=\"461\" data-attachment-id=\"121929\" data-permalink=\"https:\/\/eldiariodesanpedro.com.ar\/sitio\/constitucion-del-nuevo-centro-municipal-marcelina-suarez-en-la-tosquera\/imagen-de-whatsapp-2023-09-04-a-las-12-28-29\/\" data-orig-file=\"https:\/\/eldiariodesanpedro.com.ar\/sitio\/wp-content\/uploads\/2023\/09\/Imagen-de-WhatsApp-2023-09-04-a-las-12.28.29.jpg\" data-orig-size=\"1200,540\" data-comments-opened=\"0\" data-image-meta=\"{&quot;aperture&quot;:&quot;0&quot;,&quot;credit&quot;:&quot;&quot;,&quot;camera&quot;:&quot;&quot;,&quot;caption&quot;:&quot;&quot;,&quot;created_timestamp&quot;:&quot;0&quot;,&quot;copyright&quot;:&quot;&quot;,&quot;focal_length&quot;:&quot;0&quot;,&quot;iso&quot;:&quot;0&quot;,&quot;shutter_speed&quot;:&quot;0&quot;,&quot;title&quot;:&quot;&quot;,&quot;orientation&quot;:&quot;0&quot;}\" data-image-title=\"Imagen de WhatsApp 2023-09-04 a las 12.28.29\" data-image-description=\"\" data-image-caption=\"\" data-large-file=\"https:\/\/eldiariodesanpedro.com.ar\/sitio\/wp-content\/uploads\/2023\/09\/Imagen-de-WhatsApp-2023-09-04-a-las-12.28.29-1024x461.jpg\" data-src=\"https:\/\/eldiariodesanpedro.com.ar\/sitio\/wp-content\/uploads\/2023\/09\/Imagen-de-WhatsApp-2023-09-04-a-las-12.28.29-1024x461.jpg\" alt=\"\" class=\"wp-image-121929 lazyload\" data-srcset=\"https:\/\/eldiariodesanpedro.com.ar\/sitio\/wp-content\/uploads\/2023\/09\/Imagen-de-WhatsApp-2023-09-04-a-las-12.28.29-1024x461.jpg 1024w, https:\/\/eldiariodesanpedro.com.ar\/sitio\/wp-content\/uploads\/2023\/09\/Imagen-de-WhatsApp-2023-09-04-a-las-12.28.29-300x135.jpg 300w, https:\/\/eldiariodesanpedro.com.ar\/sitio\/wp-content\/uploads\/2023\/09\/Imagen-de-WhatsApp-2023-09-04-a-las-12.28.29-768x346.jpg 768w, https:\/\/eldiariodesanpedro.com.ar\/sitio\/wp-content\/uploads\/2023\/09\/Imagen-de-WhatsApp-2023-09-04-a-las-12.28.29.jpg 1200w\" data-sizes=\"(max-width: 1024px) 100vw, 1024px\" src=\"data:image\/svg+xml;base64,PHN2ZyB3aWR0aD0iMSIgaGVpZ2h0PSIxIiB4bWxucz0iaHR0cDovL3d3dy53My5vcmcvMjAwMC9zdmciPjwvc3ZnPg==\" style=\"--smush-placeholder-width: 1024px; --smush-placeholder-aspect-ratio: 1024\/461;\" \/><\/figure>\n\n\n\n<figure class=\"wp-block-image size-large\"><img decoding=\"async\" width=\"1024\" height=\"461\" data-attachment-id=\"121931\" data-permalink=\"https:\/\/eldiariodesanpedro.com.ar\/sitio\/constitucion-del-nuevo-centro-municipal-marcelina-suarez-en-la-tosquera\/imagen-de-whatsapp-2023-09-04-a-las-12-28-291\/\" data-orig-file=\"https:\/\/eldiariodesanpedro.com.ar\/sitio\/wp-content\/uploads\/2023\/09\/Imagen-de-WhatsApp-2023-09-04-a-las-12.28.291.jpg\" data-orig-size=\"1200,540\" data-comments-opened=\"0\" data-image-meta=\"{&quot;aperture&quot;:&quot;0&quot;,&quot;credit&quot;:&quot;&quot;,&quot;camera&quot;:&quot;&quot;,&quot;caption&quot;:&quot;&quot;,&quot;created_timestamp&quot;:&quot;0&quot;,&quot;copyright&quot;:&quot;&quot;,&quot;focal_length&quot;:&quot;0&quot;,&quot;iso&quot;:&quot;0&quot;,&quot;shutter_speed&quot;:&quot;0&quot;,&quot;title&quot;:&quot;&quot;,&quot;orientation&quot;:&quot;0&quot;}\" data-image-title=\"Imagen de WhatsApp 2023-09-04 a las 12.28.291\" data-image-description=\"\" data-image-caption=\"\" data-large-file=\"https:\/\/eldiariodesanpedro.com.ar\/sitio\/wp-content\/uploads\/2023\/09\/Imagen-de-WhatsApp-2023-09-04-a-las-12.28.291-1024x461.jpg\" data-src=\"https:\/\/eldiariodesanpedro.com.ar\/sitio\/wp-content\/uploads\/2023\/09\/Imagen-de-WhatsApp-2023-09-04-a-las-12.28.291-1024x461.jpg\" alt=\"\" class=\"wp-image-121931 lazyload\" data-srcset=\"https:\/\/eldiariodesanpedro.com.ar\/sitio\/wp-content\/uploads\/2023\/09\/Imagen-de-WhatsApp-2023-09-04-a-las-12.28.291-1024x461.jpg 1024w, https:\/\/eldiariodesanpedro.com.ar\/sitio\/wp-content\/uploads\/2023\/09\/Imagen-de-WhatsApp-2023-09-04-a-las-12.28.291-300x135.jpg 300w, https:\/\/eldiariodesanpedro.com.ar\/sitio\/wp-content\/uploads\/2023\/09\/Imagen-de-WhatsApp-2023-09-04-a-las-12.28.291-768x346.jpg 768w, https:\/\/eldiariodesanpedro.com.ar\/sitio\/wp-content\/uploads\/2023\/09\/Imagen-de-WhatsApp-2023-09-04-a-las-12.28.291.jpg 1200w\" data-sizes=\"(max-width: 1024px) 100vw, 1024px\" src=\"data:image\/svg+xml;base64,PHN2ZyB3aWR0aD0iMSIgaGVpZ2h0PSIxIiB4bWxucz0iaHR0cDovL3d3dy53My5vcmcvMjAwMC9zdmciPjwvc3ZnPg==\" style=\"--smush-placeholder-width: 1024px; --smush-placeholder-aspect-ratio: 1024\/461;\" \/><\/figure>\n","protected":false},"excerpt":{"rendered":"<p>En el d\u00eda de hoy, se llev\u00f3 a cabo una reuni\u00f3n de trabajo para dar inicio a las operaciones del nuevo Centro Municipal de La Tosquera, que llevar\u00e1 el nombre de \u00abMarcelina Su\u00e1rez\u00bb. Participaron del encuentro el Secretario de Desarrollo Humano, Walter S\u00e1nchez, representantes del Programa Envi\u00f3n, del MTE, vecinos y vecinas convocados especialmente para [&hellip;]<\/p>\n","protected":false},"author":4,"featured_media":121928,"comment_status":"closed","ping_status":"closed","sticky":false,"template":"","format":"standard","meta":{"om_disable_all_campaigns":false,"_jetpack_memberships_contains_paid_content":false,"footnotes":""},"categories":[101,2],"tags":[197,696,33,19],"class_list":["post-121927","post","type-post","status-publish","format-standard","has-post-thumbnail","hentry","category-interes-general-locales","category-locales","tag-buenos-aires","tag-interes-general","tag-locales","tag-san-pedro"],"aioseo_notices":[],"gutentor_comment":0,"jetpack_featured_media_url":"https:\/\/eldiariodesanpedro.com.ar\/sitio\/wp-content\/uploads\/2023\/09\/Imagen-de-WhatsApp-2023-09-04-a-las-12.28.28.jpg","jetpack_shortlink":"https:\/\/wp.me\/p6RhLt-vIz","jetpack_sharing_enabled":true,"_links":{"self":[{"href":"https:\/\/eldiariodesanpedro.com.ar\/sitio\/wp-json\/wp\/v2\/posts\/121927","targetHints":{"allow":["GET"]}}],"collection":[{"href":"https:\/\/eldiariodesanpedro.com.ar\/sitio\/wp-json\/wp\/v2\/posts"}],"about":[{"href":"https:\/\/eldiariodesanpedro.com.ar\/sitio\/wp-json\/wp\/v2\/types\/post"}],"author":[{"embeddable":true,"href":"https:\/\/eldiariodesanpedro.com.ar\/sitio\/wp-json\/wp\/v2\/users\/4"}],"replies":[{"embeddable":true,"href":"https:\/\/eldiariodesanpedro.com.ar\/sitio\/wp-json\/wp\/v2\/comments?post=121927"}],"version-history":[{"count":1,"href":"https:\/\/eldiariodesanpedro.com.ar\/sitio\/wp-json\/wp\/v2\/posts\/121927\/revisions"}],"predecessor-version":[{"id":121932,"href":"https:\/\/eldiariodesanpedro.com.ar\/sitio\/wp-json\/wp\/v2\/posts\/121927\/revisions\/121932"}],"wp:featuredmedia":[{"embeddable":true,"href":"https:\/\/eldiariodesanpedro.com.ar\/sitio\/wp-json\/wp\/v2\/media\/121928"}],"wp:attachment":[{"href":"https:\/\/eldiariodesanpedro.com.ar\/sitio\/wp-json\/wp\/v2\/media?parent=121927"}],"wp:term":[{"taxonomy":"category","embeddable":true,"href":"https:\/\/eldiariodesanpedro.com.ar\/sitio\/wp-json\/wp\/v2\/categories?post=121927"},{"taxonomy":"post_tag","embeddable":true,"href":"https:\/\/eldiariodesanpedro.com.ar\/sitio\/wp-json\/wp\/v2\/tags?post=121927"}],"curies":[{"name":"wp","href":"https:\/\/api.w.org\/{rel}","templated":true}]}}