{"id":121924,"date":"2023-09-04T13:41:46","date_gmt":"2023-09-04T16:41:46","guid":{"rendered":"https:\/\/eldiariodesanpedro.com.ar\/sitio\/?p=121924"},"modified":"2023-09-04T13:41:48","modified_gmt":"2023-09-04T16:41:48","slug":"feriado-local-por-el-dia-de-nuestra-senora-del-socorro-patrona-de-san-pedro","status":"publish","type":"post","link":"https:\/\/eldiariodesanpedro.com.ar\/sitio\/feriado-local-por-el-dia-de-nuestra-senora-del-socorro-patrona-de-san-pedro\/","title":{"rendered":"Feriado local por el d\u00eda de Nuestra Se\u00f1ora del Socorro Patrona de San Pedro"},"content":{"rendered":"<!-- VideographyWP Plugin Message: Automatic video embedding prevented by plugin options. -->\n\n<p>La Municipalidad de San Pedro informa que se ha firmado el decreto 1349\/2023 que establece el viernes 8 de septiembre, d\u00eda no laborable para la Administraci\u00f3n P\u00fablica Municipal e Instituciones Provinciales y feriado optativo para la Industria, el Comercio y restantes actividades, con motivo de celebrarse el d\u00eda de Nuestra Se\u00f1ora del Socorro, Patrona de San Pedro. Como es habitual en estas fechas, se mantendr\u00e1n las guardias correspondientes a todos los servicios que brinda\u00a0el\u00a0municipio.<\/p>\n\n\n\n<figure class=\"wp-block-image size-full\"><img decoding=\"async\" width=\"442\" height=\"630\" data-attachment-id=\"121925\" data-permalink=\"https:\/\/eldiariodesanpedro.com.ar\/sitio\/feriado-local-por-el-dia-de-nuestra-senora-del-socorro-patrona-de-san-pedro\/imagen-de-whatsapp-2023-09-04-a-las-11-56-07\/\" data-orig-file=\"https:\/\/eldiariodesanpedro.com.ar\/sitio\/wp-content\/uploads\/2023\/09\/Imagen-de-WhatsApp-2023-09-04-a-las-11.56.07.jpg\" data-orig-size=\"442,630\" data-comments-opened=\"0\" data-image-meta=\"{&quot;aperture&quot;:&quot;0&quot;,&quot;credit&quot;:&quot;&quot;,&quot;camera&quot;:&quot;&quot;,&quot;caption&quot;:&quot;&quot;,&quot;created_timestamp&quot;:&quot;0&quot;,&quot;copyright&quot;:&quot;&quot;,&quot;focal_length&quot;:&quot;0&quot;,&quot;iso&quot;:&quot;0&quot;,&quot;shutter_speed&quot;:&quot;0&quot;,&quot;title&quot;:&quot;&quot;,&quot;orientation&quot;:&quot;0&quot;}\" data-image-title=\"Imagen de WhatsApp 2023-09-04 a las 11.56.07\" data-image-description=\"\" data-image-caption=\"\" data-large-file=\"https:\/\/eldiariodesanpedro.com.ar\/sitio\/wp-content\/uploads\/2023\/09\/Imagen-de-WhatsApp-2023-09-04-a-las-11.56.07.jpg\" data-src=\"https:\/\/eldiariodesanpedro.com.ar\/sitio\/wp-content\/uploads\/2023\/09\/Imagen-de-WhatsApp-2023-09-04-a-las-11.56.07.jpg\" alt=\"\" class=\"wp-image-121925 lazyload\" data-srcset=\"https:\/\/eldiariodesanpedro.com.ar\/sitio\/wp-content\/uploads\/2023\/09\/Imagen-de-WhatsApp-2023-09-04-a-las-11.56.07.jpg 442w, https:\/\/eldiariodesanpedro.com.ar\/sitio\/wp-content\/uploads\/2023\/09\/Imagen-de-WhatsApp-2023-09-04-a-las-11.56.07-210x300.jpg 210w\" data-sizes=\"(max-width: 442px) 100vw, 442px\" src=\"data:image\/svg+xml;base64,PHN2ZyB3aWR0aD0iMSIgaGVpZ2h0PSIxIiB4bWxucz0iaHR0cDovL3d3dy53My5vcmcvMjAwMC9zdmciPjwvc3ZnPg==\" style=\"--smush-placeholder-width: 442px; --smush-placeholder-aspect-ratio: 442\/630;\" \/><\/figure>\n","protected":false},"excerpt":{"rendered":"<p>La Municipalidad de San Pedro informa que se ha firmado el decreto 1349\/2023 que establece el viernes 8 de septiembre, d\u00eda no laborable para la Administraci\u00f3n P\u00fablica Municipal e Instituciones Provinciales y feriado optativo para la Industria, el Comercio y restantes actividades, con motivo de celebrarse el d\u00eda de Nuestra Se\u00f1ora del Socorro, Patrona de [&hellip;]<\/p>\n","protected":false},"author":4,"featured_media":106874,"comment_status":"closed","ping_status":"closed","sticky":false,"template":"","format":"standard","meta":{"om_disable_all_campaigns":false,"_jetpack_memberships_contains_paid_content":false,"footnotes":""},"categories":[101,2],"tags":[197,696,33,19],"class_list":["post-121924","post","type-post","status-publish","format-standard","has-post-thumbnail","hentry","category-interes-general-locales","category-locales","tag-buenos-aires","tag-interes-general","tag-locales","tag-san-pedro"],"aioseo_notices":[],"gutentor_comment":0,"jetpack_featured_media_url":"https:\/\/eldiariodesanpedro.com.ar\/sitio\/wp-content\/uploads\/2022\/05\/san-pedro-buenos-aires-3936049418-L.jpg","jetpack_shortlink":"https:\/\/wp.me\/p6RhLt-vIw","jetpack_sharing_enabled":true,"_links":{"self":[{"href":"https:\/\/eldiariodesanpedro.com.ar\/sitio\/wp-json\/wp\/v2\/posts\/121924","targetHints":{"allow":["GET"]}}],"collection":[{"href":"https:\/\/eldiariodesanpedro.com.ar\/sitio\/wp-json\/wp\/v2\/posts"}],"about":[{"href":"https:\/\/eldiariodesanpedro.com.ar\/sitio\/wp-json\/wp\/v2\/types\/post"}],"author":[{"embeddable":true,"href":"https:\/\/eldiariodesanpedro.com.ar\/sitio\/wp-json\/wp\/v2\/users\/4"}],"replies":[{"embeddable":true,"href":"https:\/\/eldiariodesanpedro.com.ar\/sitio\/wp-json\/wp\/v2\/comments?post=121924"}],"version-history":[{"count":1,"href":"https:\/\/eldiariodesanpedro.com.ar\/sitio\/wp-json\/wp\/v2\/posts\/121924\/revisions"}],"predecessor-version":[{"id":121926,"href":"https:\/\/eldiariodesanpedro.com.ar\/sitio\/wp-json\/wp\/v2\/posts\/121924\/revisions\/121926"}],"wp:featuredmedia":[{"embeddable":true,"href":"https:\/\/eldiariodesanpedro.com.ar\/sitio\/wp-json\/wp\/v2\/media\/106874"}],"wp:attachment":[{"href":"https:\/\/eldiariodesanpedro.com.ar\/sitio\/wp-json\/wp\/v2\/media?parent=121924"}],"wp:term":[{"taxonomy":"category","embeddable":true,"href":"https:\/\/eldiariodesanpedro.com.ar\/sitio\/wp-json\/wp\/v2\/categories?post=121924"},{"taxonomy":"post_tag","embeddable":true,"href":"https:\/\/eldiariodesanpedro.com.ar\/sitio\/wp-json\/wp\/v2\/tags?post=121924"}],"curies":[{"name":"wp","href":"https:\/\/api.w.org\/{rel}","templated":true}]}}