{"id":121907,"date":"2023-09-04T13:23:09","date_gmt":"2023-09-04T16:23:09","guid":{"rendered":"https:\/\/eldiariodesanpedro.com.ar\/sitio\/?p=121907"},"modified":"2023-09-04T13:23:11","modified_gmt":"2023-09-04T16:23:11","slug":"la-secretaria-de-genero-acompano-la-presentacion-de-la-revista-desir-en-el-isfd-119","status":"publish","type":"post","link":"https:\/\/eldiariodesanpedro.com.ar\/sitio\/la-secretaria-de-genero-acompano-la-presentacion-de-la-revista-desir-en-el-isfd-119\/","title":{"rendered":"La Secretar\u00eda de G\u00e9nero acompa\u00f1\u00f3 la presentaci\u00f3n de la revista dESIr en el ISFD 119"},"content":{"rendered":"<!-- VideographyWP Plugin Message: Automatic video embedding prevented by plugin options. -->\n\n<p>Estudiantes y docentes del profesorado de Lengua y Literatura presentaron este viernes la revista \u00abdESIr: Rompamos el silencio\u00bb, en el marco de la semana de la Educaci\u00f3n Sexual Integral (ESI).<\/p>\n\n\n\n<p>El Instituto Superior de Formaci\u00f3n Docente 119 concret\u00f3 una jornada en la que estudiantes de distintos profesorados expusieron sus trabajos sobre la tem\u00e1tica. En el cierre, alumnas de Lengua y Literatura presentaron la revista confeccionada a partir del trabajo colectivo en el aula.<\/p>\n\n\n\n<p>La secretaria de Pol\u00edticas de G\u00e9nero, Mujeres y Diversidad Laura Monfasani, acompa\u00f1ada por la Coordinadora de la Mesa Local de Atenci\u00f3n y Prevenci\u00f3n de la Violencia de G\u00e9nero y Familiar Nadia Quiroga, y la integrante del equipo de Masculinidades Tec. Sof\u00eda Gonz\u00e1lez, destacaron la importancia de la iniciativa para dar cumplimento a la ley 26.150 en todos los establecimientos educativos del partido, trabajando en la concientizaci\u00f3n, visibilizaci\u00f3n de derechos y prevenci\u00f3n en problem\u00e1ticas vinculadas a las mujeres y diversidades.<\/p>\n\n\n\n<p>La revista, que fue impresa con ayuda del intendente Cecilio Salazar, ser\u00e1 material gratuito para todas las y los docentes que quieran utilizarlo\u00a0en\u00a0las\u00a0aulas.<\/p>\n\n\n\n<figure class=\"wp-block-image size-large\"><img decoding=\"async\" width=\"1024\" height=\"576\" data-attachment-id=\"121909\" data-permalink=\"https:\/\/eldiariodesanpedro.com.ar\/sitio\/la-secretaria-de-genero-acompano-la-presentacion-de-la-revista-desir-en-el-isfd-119\/imagen-de-whatsapp-2023-09-04-a-las-10-45-55\/\" data-orig-file=\"https:\/\/eldiariodesanpedro.com.ar\/sitio\/wp-content\/uploads\/2023\/09\/Imagen-de-WhatsApp-2023-09-04-a-las-10.45.55.jpg\" data-orig-size=\"1120,630\" data-comments-opened=\"0\" data-image-meta=\"{&quot;aperture&quot;:&quot;0&quot;,&quot;credit&quot;:&quot;&quot;,&quot;camera&quot;:&quot;&quot;,&quot;caption&quot;:&quot;&quot;,&quot;created_timestamp&quot;:&quot;0&quot;,&quot;copyright&quot;:&quot;&quot;,&quot;focal_length&quot;:&quot;0&quot;,&quot;iso&quot;:&quot;0&quot;,&quot;shutter_speed&quot;:&quot;0&quot;,&quot;title&quot;:&quot;&quot;,&quot;orientation&quot;:&quot;0&quot;}\" data-image-title=\"Imagen de WhatsApp 2023-09-04 a las 10.45.55\" data-image-description=\"\" data-image-caption=\"\" data-large-file=\"https:\/\/eldiariodesanpedro.com.ar\/sitio\/wp-content\/uploads\/2023\/09\/Imagen-de-WhatsApp-2023-09-04-a-las-10.45.55-1024x576.jpg\" data-src=\"https:\/\/eldiariodesanpedro.com.ar\/sitio\/wp-content\/uploads\/2023\/09\/Imagen-de-WhatsApp-2023-09-04-a-las-10.45.55-1024x576.jpg\" alt=\"\" class=\"wp-image-121909 lazyload\" data-srcset=\"https:\/\/eldiariodesanpedro.com.ar\/sitio\/wp-content\/uploads\/2023\/09\/Imagen-de-WhatsApp-2023-09-04-a-las-10.45.55-1024x576.jpg 1024w, https:\/\/eldiariodesanpedro.com.ar\/sitio\/wp-content\/uploads\/2023\/09\/Imagen-de-WhatsApp-2023-09-04-a-las-10.45.55-300x169.jpg 300w, https:\/\/eldiariodesanpedro.com.ar\/sitio\/wp-content\/uploads\/2023\/09\/Imagen-de-WhatsApp-2023-09-04-a-las-10.45.55-768x432.jpg 768w, https:\/\/eldiariodesanpedro.com.ar\/sitio\/wp-content\/uploads\/2023\/09\/Imagen-de-WhatsApp-2023-09-04-a-las-10.45.55.jpg 1120w\" data-sizes=\"(max-width: 1024px) 100vw, 1024px\" src=\"data:image\/svg+xml;base64,PHN2ZyB3aWR0aD0iMSIgaGVpZ2h0PSIxIiB4bWxucz0iaHR0cDovL3d3dy53My5vcmcvMjAwMC9zdmciPjwvc3ZnPg==\" style=\"--smush-placeholder-width: 1024px; --smush-placeholder-aspect-ratio: 1024\/576;\" \/><\/figure>\n\n\n\n<figure class=\"wp-block-image size-large\"><img decoding=\"async\" width=\"1024\" height=\"577\" data-attachment-id=\"121910\" data-permalink=\"https:\/\/eldiariodesanpedro.com.ar\/sitio\/la-secretaria-de-genero-acompano-la-presentacion-de-la-revista-desir-en-el-isfd-119\/imagen-de-whatsapp-2023-09-04-a-las-10-45-551\/\" data-orig-file=\"https:\/\/eldiariodesanpedro.com.ar\/sitio\/wp-content\/uploads\/2023\/09\/Imagen-de-WhatsApp-2023-09-04-a-las-10.45.551.jpg\" data-orig-size=\"1119,630\" data-comments-opened=\"0\" data-image-meta=\"{&quot;aperture&quot;:&quot;0&quot;,&quot;credit&quot;:&quot;&quot;,&quot;camera&quot;:&quot;&quot;,&quot;caption&quot;:&quot;&quot;,&quot;created_timestamp&quot;:&quot;0&quot;,&quot;copyright&quot;:&quot;&quot;,&quot;focal_length&quot;:&quot;0&quot;,&quot;iso&quot;:&quot;0&quot;,&quot;shutter_speed&quot;:&quot;0&quot;,&quot;title&quot;:&quot;&quot;,&quot;orientation&quot;:&quot;0&quot;}\" data-image-title=\"Imagen de WhatsApp 2023-09-04 a las 10.45.551\" data-image-description=\"\" data-image-caption=\"\" data-large-file=\"https:\/\/eldiariodesanpedro.com.ar\/sitio\/wp-content\/uploads\/2023\/09\/Imagen-de-WhatsApp-2023-09-04-a-las-10.45.551-1024x577.jpg\" data-src=\"https:\/\/eldiariodesanpedro.com.ar\/sitio\/wp-content\/uploads\/2023\/09\/Imagen-de-WhatsApp-2023-09-04-a-las-10.45.551-1024x577.jpg\" alt=\"\" class=\"wp-image-121910 lazyload\" data-srcset=\"https:\/\/eldiariodesanpedro.com.ar\/sitio\/wp-content\/uploads\/2023\/09\/Imagen-de-WhatsApp-2023-09-04-a-las-10.45.551-1024x577.jpg 1024w, https:\/\/eldiariodesanpedro.com.ar\/sitio\/wp-content\/uploads\/2023\/09\/Imagen-de-WhatsApp-2023-09-04-a-las-10.45.551-300x169.jpg 300w, https:\/\/eldiariodesanpedro.com.ar\/sitio\/wp-content\/uploads\/2023\/09\/Imagen-de-WhatsApp-2023-09-04-a-las-10.45.551-768x432.jpg 768w, https:\/\/eldiariodesanpedro.com.ar\/sitio\/wp-content\/uploads\/2023\/09\/Imagen-de-WhatsApp-2023-09-04-a-las-10.45.551.jpg 1119w\" data-sizes=\"(max-width: 1024px) 100vw, 1024px\" src=\"data:image\/svg+xml;base64,PHN2ZyB3aWR0aD0iMSIgaGVpZ2h0PSIxIiB4bWxucz0iaHR0cDovL3d3dy53My5vcmcvMjAwMC9zdmciPjwvc3ZnPg==\" style=\"--smush-placeholder-width: 1024px; --smush-placeholder-aspect-ratio: 1024\/577;\" \/><\/figure>\n","protected":false},"excerpt":{"rendered":"<p>Estudiantes y docentes del profesorado de Lengua y Literatura presentaron este viernes la revista \u00abdESIr: Rompamos el silencio\u00bb, en el marco de la semana de la Educaci\u00f3n Sexual Integral (ESI). El Instituto Superior de Formaci\u00f3n Docente 119 concret\u00f3 una jornada en la que estudiantes de distintos profesorados expusieron sus trabajos sobre la tem\u00e1tica. En el [&hellip;]<\/p>\n","protected":false},"author":4,"featured_media":121908,"comment_status":"closed","ping_status":"closed","sticky":false,"template":"","format":"standard","meta":{"om_disable_all_campaigns":false,"_jetpack_memberships_contains_paid_content":false,"footnotes":""},"categories":[50,101,2],"tags":[197,696,33,19],"class_list":["post-121907","post","type-post","status-publish","format-standard","has-post-thumbnail","hentry","category-destacadas","category-interes-general-locales","category-locales","tag-buenos-aires","tag-interes-general","tag-locales","tag-san-pedro"],"aioseo_notices":[],"gutentor_comment":0,"jetpack_featured_media_url":"https:\/\/eldiariodesanpedro.com.ar\/sitio\/wp-content\/uploads\/2023\/09\/Imagen-de-WhatsApp-2023-09-04-a-las-10.45.54.jpg","jetpack_shortlink":"https:\/\/wp.me\/p6RhLt-vIf","jetpack_sharing_enabled":true,"_links":{"self":[{"href":"https:\/\/eldiariodesanpedro.com.ar\/sitio\/wp-json\/wp\/v2\/posts\/121907","targetHints":{"allow":["GET"]}}],"collection":[{"href":"https:\/\/eldiariodesanpedro.com.ar\/sitio\/wp-json\/wp\/v2\/posts"}],"about":[{"href":"https:\/\/eldiariodesanpedro.com.ar\/sitio\/wp-json\/wp\/v2\/types\/post"}],"author":[{"embeddable":true,"href":"https:\/\/eldiariodesanpedro.com.ar\/sitio\/wp-json\/wp\/v2\/users\/4"}],"replies":[{"embeddable":true,"href":"https:\/\/eldiariodesanpedro.com.ar\/sitio\/wp-json\/wp\/v2\/comments?post=121907"}],"version-history":[{"count":1,"href":"https:\/\/eldiariodesanpedro.com.ar\/sitio\/wp-json\/wp\/v2\/posts\/121907\/revisions"}],"predecessor-version":[{"id":121911,"href":"https:\/\/eldiariodesanpedro.com.ar\/sitio\/wp-json\/wp\/v2\/posts\/121907\/revisions\/121911"}],"wp:featuredmedia":[{"embeddable":true,"href":"https:\/\/eldiariodesanpedro.com.ar\/sitio\/wp-json\/wp\/v2\/media\/121908"}],"wp:attachment":[{"href":"https:\/\/eldiariodesanpedro.com.ar\/sitio\/wp-json\/wp\/v2\/media?parent=121907"}],"wp:term":[{"taxonomy":"category","embeddable":true,"href":"https:\/\/eldiariodesanpedro.com.ar\/sitio\/wp-json\/wp\/v2\/categories?post=121907"},{"taxonomy":"post_tag","embeddable":true,"href":"https:\/\/eldiariodesanpedro.com.ar\/sitio\/wp-json\/wp\/v2\/tags?post=121907"}],"curies":[{"name":"wp","href":"https:\/\/api.w.org\/{rel}","templated":true}]}}