{"id":121900,"date":"2023-09-01T21:27:08","date_gmt":"2023-09-02T00:27:08","guid":{"rendered":"https:\/\/eldiariodesanpedro.com.ar\/sitio\/?p=121900"},"modified":"2023-09-01T21:27:10","modified_gmt":"2023-09-02T00:27:10","slug":"un-aprehendido-por-apunalar-a-su-hermano","status":"publish","type":"post","link":"https:\/\/eldiariodesanpedro.com.ar\/sitio\/un-aprehendido-por-apunalar-a-su-hermano\/","title":{"rendered":"Un aprehendido por apu\u00f1alar a su hermano"},"content":{"rendered":"<!-- VideographyWP Plugin Message: Automatic video embedding prevented by plugin options. -->\n\n<p>En la madrugada de este viernes se recibi\u00f3 un llamado al servicio 911 solicitando el &nbsp;personal policial que momentos despu\u00e9s se hace presente en calle Basavilbaso al 100, tras r\u00e1pido accionar logra&nbsp; aprehender a masculino de 25 a\u00f1os, quien momentos antes previa discusi\u00f3n provoca herida con arma blanca en pecho del lado izquierdo a su hermano masculino de 26 a\u00f1os. Como resultado de la acci\u00f3n un joven fue lesionado y trasladado por el servicio SAME &nbsp;hasta la guardia del nosocomio local. Se desconoce origen del conflicto, car\u00e1cter de lesiones leves de no mediar complicaciones. &nbsp;<\/p>\n","protected":false},"excerpt":{"rendered":"<p>En la madrugada de este viernes se recibi\u00f3 un llamado al servicio 911 solicitando el &nbsp;personal policial que momentos despu\u00e9s se hace presente en calle Basavilbaso al 100, tras r\u00e1pido accionar logra&nbsp; aprehender a masculino de 25 a\u00f1os, quien momentos antes previa discusi\u00f3n provoca herida con arma blanca en pecho del lado izquierdo a su [&hellip;]<\/p>\n","protected":false},"author":4,"featured_media":121901,"comment_status":"closed","ping_status":"closed","sticky":false,"template":"","format":"standard","meta":{"om_disable_all_campaigns":false,"_jetpack_memberships_contains_paid_content":false,"footnotes":""},"categories":[50,2,103],"tags":[197,696,33,19],"class_list":["post-121900","post","type-post","status-publish","format-standard","has-post-thumbnail","hentry","category-destacadas","category-locales","category-policiales-locales","tag-buenos-aires","tag-interes-general","tag-locales","tag-san-pedro"],"aioseo_notices":[],"gutentor_comment":0,"jetpack_featured_media_url":"https:\/\/eldiariodesanpedro.com.ar\/sitio\/wp-content\/uploads\/2023\/09\/medida-1.png","jetpack_shortlink":"https:\/\/wp.me\/p6RhLt-vI8","jetpack_sharing_enabled":true,"_links":{"self":[{"href":"https:\/\/eldiariodesanpedro.com.ar\/sitio\/wp-json\/wp\/v2\/posts\/121900","targetHints":{"allow":["GET"]}}],"collection":[{"href":"https:\/\/eldiariodesanpedro.com.ar\/sitio\/wp-json\/wp\/v2\/posts"}],"about":[{"href":"https:\/\/eldiariodesanpedro.com.ar\/sitio\/wp-json\/wp\/v2\/types\/post"}],"author":[{"embeddable":true,"href":"https:\/\/eldiariodesanpedro.com.ar\/sitio\/wp-json\/wp\/v2\/users\/4"}],"replies":[{"embeddable":true,"href":"https:\/\/eldiariodesanpedro.com.ar\/sitio\/wp-json\/wp\/v2\/comments?post=121900"}],"version-history":[{"count":1,"href":"https:\/\/eldiariodesanpedro.com.ar\/sitio\/wp-json\/wp\/v2\/posts\/121900\/revisions"}],"predecessor-version":[{"id":121902,"href":"https:\/\/eldiariodesanpedro.com.ar\/sitio\/wp-json\/wp\/v2\/posts\/121900\/revisions\/121902"}],"wp:featuredmedia":[{"embeddable":true,"href":"https:\/\/eldiariodesanpedro.com.ar\/sitio\/wp-json\/wp\/v2\/media\/121901"}],"wp:attachment":[{"href":"https:\/\/eldiariodesanpedro.com.ar\/sitio\/wp-json\/wp\/v2\/media?parent=121900"}],"wp:term":[{"taxonomy":"category","embeddable":true,"href":"https:\/\/eldiariodesanpedro.com.ar\/sitio\/wp-json\/wp\/v2\/categories?post=121900"},{"taxonomy":"post_tag","embeddable":true,"href":"https:\/\/eldiariodesanpedro.com.ar\/sitio\/wp-json\/wp\/v2\/tags?post=121900"}],"curies":[{"name":"wp","href":"https:\/\/api.w.org\/{rel}","templated":true}]}}