{"id":121897,"date":"2023-09-01T21:12:52","date_gmt":"2023-09-02T00:12:52","guid":{"rendered":"https:\/\/eldiariodesanpedro.com.ar\/sitio\/?p=121897"},"modified":"2023-09-01T21:12:54","modified_gmt":"2023-09-02T00:12:54","slug":"una-mujer-aprehendida-por-amenazar-a-efectivos-y-la-propietaria-de-un-comercio","status":"publish","type":"post","link":"https:\/\/eldiariodesanpedro.com.ar\/sitio\/una-mujer-aprehendida-por-amenazar-a-efectivos-y-la-propietaria-de-un-comercio\/","title":{"rendered":"Una mujer aprehendida por amenazar a efectivos y la propietaria de un comercio"},"content":{"rendered":"<!-- VideographyWP Plugin Message: Automatic video embedding prevented by plugin options. -->\n\n<p>En la jornada de ayer jueves, a ra\u00edz de un llamado en la comisar\u00eda local el personal policial se constituye en calle Belgrano al 800, logran aprehende a mujer de 28 a\u00f1os, quien en presencia de efectivos amenaza con romper vidrios de comercio propiedad de femenina de 55 a\u00f1os. Intervine UFI local.<\/p>\n","protected":false},"excerpt":{"rendered":"<p>En la jornada de ayer jueves, a ra\u00edz de un llamado en la comisar\u00eda local el personal policial se constituye en calle Belgrano al 800, logran aprehende a mujer de 28 a\u00f1os, quien en presencia de efectivos amenaza con romper vidrios de comercio propiedad de femenina de 55 a\u00f1os. Intervine UFI local.<\/p>\n","protected":false},"author":4,"featured_media":121898,"comment_status":"closed","ping_status":"closed","sticky":false,"template":"","format":"standard","meta":{"om_disable_all_campaigns":false,"_jetpack_memberships_contains_paid_content":false,"footnotes":""},"categories":[2,103],"tags":[197,33,95,19],"class_list":["post-121897","post","type-post","status-publish","format-standard","has-post-thumbnail","hentry","category-locales","category-policiales-locales","tag-buenos-aires","tag-locales","tag-policiales","tag-san-pedro"],"aioseo_notices":[],"gutentor_comment":0,"jetpack_featured_media_url":"https:\/\/eldiariodesanpedro.com.ar\/sitio\/wp-content\/uploads\/2023\/09\/medida.png","jetpack_shortlink":"https:\/\/wp.me\/p6RhLt-vI5","jetpack_sharing_enabled":true,"_links":{"self":[{"href":"https:\/\/eldiariodesanpedro.com.ar\/sitio\/wp-json\/wp\/v2\/posts\/121897","targetHints":{"allow":["GET"]}}],"collection":[{"href":"https:\/\/eldiariodesanpedro.com.ar\/sitio\/wp-json\/wp\/v2\/posts"}],"about":[{"href":"https:\/\/eldiariodesanpedro.com.ar\/sitio\/wp-json\/wp\/v2\/types\/post"}],"author":[{"embeddable":true,"href":"https:\/\/eldiariodesanpedro.com.ar\/sitio\/wp-json\/wp\/v2\/users\/4"}],"replies":[{"embeddable":true,"href":"https:\/\/eldiariodesanpedro.com.ar\/sitio\/wp-json\/wp\/v2\/comments?post=121897"}],"version-history":[{"count":1,"href":"https:\/\/eldiariodesanpedro.com.ar\/sitio\/wp-json\/wp\/v2\/posts\/121897\/revisions"}],"predecessor-version":[{"id":121899,"href":"https:\/\/eldiariodesanpedro.com.ar\/sitio\/wp-json\/wp\/v2\/posts\/121897\/revisions\/121899"}],"wp:featuredmedia":[{"embeddable":true,"href":"https:\/\/eldiariodesanpedro.com.ar\/sitio\/wp-json\/wp\/v2\/media\/121898"}],"wp:attachment":[{"href":"https:\/\/eldiariodesanpedro.com.ar\/sitio\/wp-json\/wp\/v2\/media?parent=121897"}],"wp:term":[{"taxonomy":"category","embeddable":true,"href":"https:\/\/eldiariodesanpedro.com.ar\/sitio\/wp-json\/wp\/v2\/categories?post=121897"},{"taxonomy":"post_tag","embeddable":true,"href":"https:\/\/eldiariodesanpedro.com.ar\/sitio\/wp-json\/wp\/v2\/tags?post=121897"}],"curies":[{"name":"wp","href":"https:\/\/api.w.org\/{rel}","templated":true}]}}