{"id":121889,"date":"2023-09-01T21:02:40","date_gmt":"2023-09-02T00:02:40","guid":{"rendered":"https:\/\/eldiariodesanpedro.com.ar\/sitio\/?p=121889"},"modified":"2023-09-01T21:02:42","modified_gmt":"2023-09-02T00:02:42","slug":"inauguracion-del-sum-y-playon-deportivo-junto-a-los-vecinos-del-barrio-los-cazadores-presentacion-del-club-atletico-la-tosquera-y-anuncio-de-delegacion-municipal-en-la-zona","status":"publish","type":"post","link":"https:\/\/eldiariodesanpedro.com.ar\/sitio\/inauguracion-del-sum-y-playon-deportivo-junto-a-los-vecinos-del-barrio-los-cazadores-presentacion-del-club-atletico-la-tosquera-y-anuncio-de-delegacion-municipal-en-la-zona\/","title":{"rendered":"Inauguraci\u00f3n del SUM y play\u00f3n deportivo junto a los vecinos del Barrio Los Cazadores presentaci\u00f3n del Club Atl\u00e9tico La Tosquera y anuncio de delegaci\u00f3n municipal en la zona"},"content":{"rendered":"<!-- VideographyWP Plugin Message: Automatic video embedding prevented by plugin options. -->\n\n<p>Este viernes se concret\u00f3 la inauguraci\u00f3n del SUM y Play\u00f3n Deportivo en el barrio Los Cazadores (La Tosquera) con un gran encuentro que fue celebrado, especialmente por las familias que viven en la zona.<\/p>\n\n\n\n<p>La obra, concretada tras las gestiones realizadas desde el gobierno municipal del Intendente Cecilio Salazar y la planificaci\u00f3n de la Secretar\u00eda de Integraci\u00f3n Socio Urbana (SISU) a trav\u00e9s del Ministerio de Desarrollo Social de la Naci\u00f3n permiti\u00f3 la ampliaci\u00f3n de servicios b\u00e1sicos, espacios y equipamiento p\u00fablicos.<\/p>\n\n\n\n<p>Los trabajos fueron planificados y ejecutados por la Secretar\u00eda de Obras, Planeamiento y Catastro Municipal con la participaci\u00f3n de 28 vecinos y vecinas que levantaron un nuevo Sal\u00f3n de Usos M\u00faltiples con vestuarios, sanitarios, cocina, despensa oficina y p\u00e9rgolas m\u00e1s un play\u00f3n deportivo de 585 metros cuadrados y la construcci\u00f3n de m\u00e1s de 2.350 metros de veredas<\/p>\n\n\n\n<p>El acto de inauguraci\u00f3n fue encabezado por el Intendente junto a la Secretaria de Integraci\u00f3n Suburbana del Ministerio de Desarrollo Social de la Naci\u00f3n Fernanda Mi\u00f1o, a autoridades locales, provinciales, nacionales y los integrantes de las sedes del Programa Envi\u00f3n de San Pedro.<\/p>\n\n\n\n<p>Antecedido por una presentaci\u00f3n de las batucadas del \u00abEnvi\u00f3n\u00bb, Cecilio Salazar propuso en primera instancia nombrar a las nuevas instalaciones como Marcelina Su\u00e1rez, una recordada vecina del barrio, desaparecida f\u00edsicamente hace algunos a\u00f1os, para cumplir un reconocimiento y agradecimiento por valiosa contribuci\u00f3n a la comunidad.<\/p>\n\n\n\n<p>El Intendente habl\u00f3 de la constante mejora de este barrio y de las inversiones realizadas para darles a las familias de all\u00ed la calidad de vida que merecen, especialmente para sus actividades cotidianas y para el entretenimiento y formaci\u00f3n de los ni\u00f1os y ni\u00f1as.<\/p>\n\n\n\n<p>Destac\u00f3 en ese sentido la construcci\u00f3n de un nuevo edificio escolar, una cancha de f\u00fatbol y la creaci\u00f3n del Club Atl\u00e9tico La Tosquera. Tambi\u00e9n anticip\u00f3 que se crear\u00e1 una delegaci\u00f3n municipal para representar al barrio.<\/p>\n\n\n\n<p>La Secretaria de Integraci\u00f3n Socio Urbana, Fernanda Mi\u00f1o destac\u00f3 el compromiso del gobierno con los sectores populares y anunci\u00f3 la puesta en marcha del proyecto de cambio de ubicaci\u00f3n del colegio. En este contexto remarc\u00f3 que la voluntad de seguir luchando por este tipo de obras, siempre con el apoyo del gobierno nacional, provincial y local para poder llevarlas a cabo.<\/p>\n\n\n\n<p>Como parte de esta gran fiesta hubo entrega de diplomas de reconocimiento a las personas del barrio que trabajaron en la obra, entrega de las primeras camisetas del flamante Club Atl\u00e9tico La Tosquera, un subsidio para un viaje de egresados para los estudiantes de la Escuela 44 y ventiladores para la Escuela Secundaria N\u00b0 16.<\/p>\n\n\n\n<p>Para finalizar se dio inicio a las actividades del centro con un encuentro de las sedes del programa Envi\u00f3n de Canaletas, Depietri, Gobernador Castro, R\u00edo Tala y los anfitriones La Tosquera, quienes realizaron actividades de juegos pre-deportivos y el cierre musical estuvo a cargo de\u00a0Lautaro\u00a0Monz\u00f3n.<\/p>\n\n\n\n<p><\/p>\n\n\n\n<figure class=\"wp-block-image size-full\"><img decoding=\"async\" width=\"946\" height=\"630\" data-attachment-id=\"121894\" data-permalink=\"https:\/\/eldiariodesanpedro.com.ar\/sitio\/inauguracion-del-sum-y-playon-deportivo-junto-a-los-vecinos-del-barrio-los-cazadores-presentacion-del-club-atletico-la-tosquera-y-anuncio-de-delegacion-municipal-en-la-zona\/imagen-de-whatsapp-2023-09-01-a-las-20-14-461\/\" data-orig-file=\"https:\/\/eldiariodesanpedro.com.ar\/sitio\/wp-content\/uploads\/2023\/09\/Imagen-de-WhatsApp-2023-09-01-a-las-20.14.461.jpg\" data-orig-size=\"946,630\" data-comments-opened=\"0\" data-image-meta=\"{&quot;aperture&quot;:&quot;0&quot;,&quot;credit&quot;:&quot;&quot;,&quot;camera&quot;:&quot;&quot;,&quot;caption&quot;:&quot;&quot;,&quot;created_timestamp&quot;:&quot;0&quot;,&quot;copyright&quot;:&quot;&quot;,&quot;focal_length&quot;:&quot;0&quot;,&quot;iso&quot;:&quot;0&quot;,&quot;shutter_speed&quot;:&quot;0&quot;,&quot;title&quot;:&quot;&quot;,&quot;orientation&quot;:&quot;0&quot;}\" data-image-title=\"Imagen de WhatsApp 2023-09-01 a las 20.14.461\" data-image-description=\"\" data-image-caption=\"\" data-large-file=\"https:\/\/eldiariodesanpedro.com.ar\/sitio\/wp-content\/uploads\/2023\/09\/Imagen-de-WhatsApp-2023-09-01-a-las-20.14.461.jpg\" data-src=\"https:\/\/eldiariodesanpedro.com.ar\/sitio\/wp-content\/uploads\/2023\/09\/Imagen-de-WhatsApp-2023-09-01-a-las-20.14.461.jpg\" alt=\"\" class=\"wp-image-121894 lazyload\" data-srcset=\"https:\/\/eldiariodesanpedro.com.ar\/sitio\/wp-content\/uploads\/2023\/09\/Imagen-de-WhatsApp-2023-09-01-a-las-20.14.461.jpg 946w, https:\/\/eldiariodesanpedro.com.ar\/sitio\/wp-content\/uploads\/2023\/09\/Imagen-de-WhatsApp-2023-09-01-a-las-20.14.461-300x200.jpg 300w, https:\/\/eldiariodesanpedro.com.ar\/sitio\/wp-content\/uploads\/2023\/09\/Imagen-de-WhatsApp-2023-09-01-a-las-20.14.461-768x511.jpg 768w\" data-sizes=\"(max-width: 946px) 100vw, 946px\" src=\"data:image\/svg+xml;base64,PHN2ZyB3aWR0aD0iMSIgaGVpZ2h0PSIxIiB4bWxucz0iaHR0cDovL3d3dy53My5vcmcvMjAwMC9zdmciPjwvc3ZnPg==\" style=\"--smush-placeholder-width: 946px; --smush-placeholder-aspect-ratio: 946\/630;\" \/><\/figure>\n\n\n\n<figure class=\"wp-block-image size-full\"><img decoding=\"async\" width=\"1008\" height=\"630\" data-attachment-id=\"121893\" data-permalink=\"https:\/\/eldiariodesanpedro.com.ar\/sitio\/inauguracion-del-sum-y-playon-deportivo-junto-a-los-vecinos-del-barrio-los-cazadores-presentacion-del-club-atletico-la-tosquera-y-anuncio-de-delegacion-municipal-en-la-zona\/imagen-de-whatsapp-2023-09-01-a-las-20-14-451\/\" data-orig-file=\"https:\/\/eldiariodesanpedro.com.ar\/sitio\/wp-content\/uploads\/2023\/09\/Imagen-de-WhatsApp-2023-09-01-a-las-20.14.451.jpg\" data-orig-size=\"1008,630\" data-comments-opened=\"0\" data-image-meta=\"{&quot;aperture&quot;:&quot;0&quot;,&quot;credit&quot;:&quot;&quot;,&quot;camera&quot;:&quot;&quot;,&quot;caption&quot;:&quot;&quot;,&quot;created_timestamp&quot;:&quot;0&quot;,&quot;copyright&quot;:&quot;&quot;,&quot;focal_length&quot;:&quot;0&quot;,&quot;iso&quot;:&quot;0&quot;,&quot;shutter_speed&quot;:&quot;0&quot;,&quot;title&quot;:&quot;&quot;,&quot;orientation&quot;:&quot;0&quot;}\" data-image-title=\"Imagen de WhatsApp 2023-09-01 a las 20.14.451\" data-image-description=\"\" data-image-caption=\"\" data-large-file=\"https:\/\/eldiariodesanpedro.com.ar\/sitio\/wp-content\/uploads\/2023\/09\/Imagen-de-WhatsApp-2023-09-01-a-las-20.14.451.jpg\" data-src=\"https:\/\/eldiariodesanpedro.com.ar\/sitio\/wp-content\/uploads\/2023\/09\/Imagen-de-WhatsApp-2023-09-01-a-las-20.14.451.jpg\" alt=\"\" class=\"wp-image-121893 lazyload\" data-srcset=\"https:\/\/eldiariodesanpedro.com.ar\/sitio\/wp-content\/uploads\/2023\/09\/Imagen-de-WhatsApp-2023-09-01-a-las-20.14.451.jpg 1008w, https:\/\/eldiariodesanpedro.com.ar\/sitio\/wp-content\/uploads\/2023\/09\/Imagen-de-WhatsApp-2023-09-01-a-las-20.14.451-300x188.jpg 300w, https:\/\/eldiariodesanpedro.com.ar\/sitio\/wp-content\/uploads\/2023\/09\/Imagen-de-WhatsApp-2023-09-01-a-las-20.14.451-768x480.jpg 768w\" data-sizes=\"(max-width: 1008px) 100vw, 1008px\" src=\"data:image\/svg+xml;base64,PHN2ZyB3aWR0aD0iMSIgaGVpZ2h0PSIxIiB4bWxucz0iaHR0cDovL3d3dy53My5vcmcvMjAwMC9zdmciPjwvc3ZnPg==\" style=\"--smush-placeholder-width: 1008px; --smush-placeholder-aspect-ratio: 1008\/630;\" \/><\/figure>\n\n\n\n<figure class=\"wp-block-image size-full\"><img decoding=\"async\" width=\"946\" height=\"630\" data-attachment-id=\"121892\" data-permalink=\"https:\/\/eldiariodesanpedro.com.ar\/sitio\/inauguracion-del-sum-y-playon-deportivo-junto-a-los-vecinos-del-barrio-los-cazadores-presentacion-del-club-atletico-la-tosquera-y-anuncio-de-delegacion-municipal-en-la-zona\/imagen-de-whatsapp-2023-09-01-a-las-20-14-47\/\" data-orig-file=\"https:\/\/eldiariodesanpedro.com.ar\/sitio\/wp-content\/uploads\/2023\/09\/Imagen-de-WhatsApp-2023-09-01-a-las-20.14.47.jpg\" data-orig-size=\"946,630\" data-comments-opened=\"0\" data-image-meta=\"{&quot;aperture&quot;:&quot;0&quot;,&quot;credit&quot;:&quot;&quot;,&quot;camera&quot;:&quot;&quot;,&quot;caption&quot;:&quot;&quot;,&quot;created_timestamp&quot;:&quot;0&quot;,&quot;copyright&quot;:&quot;&quot;,&quot;focal_length&quot;:&quot;0&quot;,&quot;iso&quot;:&quot;0&quot;,&quot;shutter_speed&quot;:&quot;0&quot;,&quot;title&quot;:&quot;&quot;,&quot;orientation&quot;:&quot;0&quot;}\" data-image-title=\"Imagen de WhatsApp 2023-09-01 a las 20.14.47\" data-image-description=\"\" data-image-caption=\"\" data-large-file=\"https:\/\/eldiariodesanpedro.com.ar\/sitio\/wp-content\/uploads\/2023\/09\/Imagen-de-WhatsApp-2023-09-01-a-las-20.14.47.jpg\" data-src=\"https:\/\/eldiariodesanpedro.com.ar\/sitio\/wp-content\/uploads\/2023\/09\/Imagen-de-WhatsApp-2023-09-01-a-las-20.14.47.jpg\" alt=\"\" class=\"wp-image-121892 lazyload\" data-srcset=\"https:\/\/eldiariodesanpedro.com.ar\/sitio\/wp-content\/uploads\/2023\/09\/Imagen-de-WhatsApp-2023-09-01-a-las-20.14.47.jpg 946w, https:\/\/eldiariodesanpedro.com.ar\/sitio\/wp-content\/uploads\/2023\/09\/Imagen-de-WhatsApp-2023-09-01-a-las-20.14.47-300x200.jpg 300w, https:\/\/eldiariodesanpedro.com.ar\/sitio\/wp-content\/uploads\/2023\/09\/Imagen-de-WhatsApp-2023-09-01-a-las-20.14.47-768x511.jpg 768w\" data-sizes=\"(max-width: 946px) 100vw, 946px\" src=\"data:image\/svg+xml;base64,PHN2ZyB3aWR0aD0iMSIgaGVpZ2h0PSIxIiB4bWxucz0iaHR0cDovL3d3dy53My5vcmcvMjAwMC9zdmciPjwvc3ZnPg==\" style=\"--smush-placeholder-width: 946px; --smush-placeholder-aspect-ratio: 946\/630;\" \/><\/figure>\n\n\n\n<figure class=\"wp-block-image size-full\"><img decoding=\"async\" width=\"981\" height=\"630\" data-attachment-id=\"121890\" data-permalink=\"https:\/\/eldiariodesanpedro.com.ar\/sitio\/inauguracion-del-sum-y-playon-deportivo-junto-a-los-vecinos-del-barrio-los-cazadores-presentacion-del-club-atletico-la-tosquera-y-anuncio-de-delegacion-municipal-en-la-zona\/imagen-de-whatsapp-2023-09-01-a-las-20-14-45\/\" data-orig-file=\"https:\/\/eldiariodesanpedro.com.ar\/sitio\/wp-content\/uploads\/2023\/09\/Imagen-de-WhatsApp-2023-09-01-a-las-20.14.45.jpg\" data-orig-size=\"981,630\" data-comments-opened=\"0\" data-image-meta=\"{&quot;aperture&quot;:&quot;0&quot;,&quot;credit&quot;:&quot;&quot;,&quot;camera&quot;:&quot;&quot;,&quot;caption&quot;:&quot;&quot;,&quot;created_timestamp&quot;:&quot;0&quot;,&quot;copyright&quot;:&quot;&quot;,&quot;focal_length&quot;:&quot;0&quot;,&quot;iso&quot;:&quot;0&quot;,&quot;shutter_speed&quot;:&quot;0&quot;,&quot;title&quot;:&quot;&quot;,&quot;orientation&quot;:&quot;0&quot;}\" data-image-title=\"Imagen de WhatsApp 2023-09-01 a las 20.14.45\" data-image-description=\"\" data-image-caption=\"\" data-large-file=\"https:\/\/eldiariodesanpedro.com.ar\/sitio\/wp-content\/uploads\/2023\/09\/Imagen-de-WhatsApp-2023-09-01-a-las-20.14.45.jpg\" data-src=\"https:\/\/eldiariodesanpedro.com.ar\/sitio\/wp-content\/uploads\/2023\/09\/Imagen-de-WhatsApp-2023-09-01-a-las-20.14.45.jpg\" alt=\"\" class=\"wp-image-121890 lazyload\" data-srcset=\"https:\/\/eldiariodesanpedro.com.ar\/sitio\/wp-content\/uploads\/2023\/09\/Imagen-de-WhatsApp-2023-09-01-a-las-20.14.45.jpg 981w, https:\/\/eldiariodesanpedro.com.ar\/sitio\/wp-content\/uploads\/2023\/09\/Imagen-de-WhatsApp-2023-09-01-a-las-20.14.45-300x193.jpg 300w, https:\/\/eldiariodesanpedro.com.ar\/sitio\/wp-content\/uploads\/2023\/09\/Imagen-de-WhatsApp-2023-09-01-a-las-20.14.45-768x493.jpg 768w\" data-sizes=\"(max-width: 981px) 100vw, 981px\" src=\"data:image\/svg+xml;base64,PHN2ZyB3aWR0aD0iMSIgaGVpZ2h0PSIxIiB4bWxucz0iaHR0cDovL3d3dy53My5vcmcvMjAwMC9zdmciPjwvc3ZnPg==\" style=\"--smush-placeholder-width: 981px; --smush-placeholder-aspect-ratio: 981\/630;\" \/><\/figure>\n","protected":false},"excerpt":{"rendered":"<p>Este viernes se concret\u00f3 la inauguraci\u00f3n del SUM y Play\u00f3n Deportivo en el barrio Los Cazadores (La Tosquera) con un gran encuentro que fue celebrado, especialmente por las familias que viven en la zona. La obra, concretada tras las gestiones realizadas desde el gobierno municipal del Intendente Cecilio Salazar y la planificaci\u00f3n de la Secretar\u00eda [&hellip;]<\/p>\n","protected":false},"author":4,"featured_media":121895,"comment_status":"closed","ping_status":"closed","sticky":false,"template":"","format":"standard","meta":{"om_disable_all_campaigns":false,"_jetpack_memberships_contains_paid_content":false,"footnotes":""},"categories":[50,101,2],"tags":[197,696,33,19],"class_list":["post-121889","post","type-post","status-publish","format-standard","has-post-thumbnail","hentry","category-destacadas","category-interes-general-locales","category-locales","tag-buenos-aires","tag-interes-general","tag-locales","tag-san-pedro"],"aioseo_notices":[],"gutentor_comment":0,"jetpack_featured_media_url":"https:\/\/eldiariodesanpedro.com.ar\/sitio\/wp-content\/uploads\/2023\/09\/Imagen-de-WhatsApp-2023-09-01-a-las-20.14.471.jpg","jetpack_shortlink":"https:\/\/wp.me\/p6RhLt-vHX","jetpack_sharing_enabled":true,"_links":{"self":[{"href":"https:\/\/eldiariodesanpedro.com.ar\/sitio\/wp-json\/wp\/v2\/posts\/121889","targetHints":{"allow":["GET"]}}],"collection":[{"href":"https:\/\/eldiariodesanpedro.com.ar\/sitio\/wp-json\/wp\/v2\/posts"}],"about":[{"href":"https:\/\/eldiariodesanpedro.com.ar\/sitio\/wp-json\/wp\/v2\/types\/post"}],"author":[{"embeddable":true,"href":"https:\/\/eldiariodesanpedro.com.ar\/sitio\/wp-json\/wp\/v2\/users\/4"}],"replies":[{"embeddable":true,"href":"https:\/\/eldiariodesanpedro.com.ar\/sitio\/wp-json\/wp\/v2\/comments?post=121889"}],"version-history":[{"count":1,"href":"https:\/\/eldiariodesanpedro.com.ar\/sitio\/wp-json\/wp\/v2\/posts\/121889\/revisions"}],"predecessor-version":[{"id":121896,"href":"https:\/\/eldiariodesanpedro.com.ar\/sitio\/wp-json\/wp\/v2\/posts\/121889\/revisions\/121896"}],"wp:featuredmedia":[{"embeddable":true,"href":"https:\/\/eldiariodesanpedro.com.ar\/sitio\/wp-json\/wp\/v2\/media\/121895"}],"wp:attachment":[{"href":"https:\/\/eldiariodesanpedro.com.ar\/sitio\/wp-json\/wp\/v2\/media?parent=121889"}],"wp:term":[{"taxonomy":"category","embeddable":true,"href":"https:\/\/eldiariodesanpedro.com.ar\/sitio\/wp-json\/wp\/v2\/categories?post=121889"},{"taxonomy":"post_tag","embeddable":true,"href":"https:\/\/eldiariodesanpedro.com.ar\/sitio\/wp-json\/wp\/v2\/tags?post=121889"}],"curies":[{"name":"wp","href":"https:\/\/api.w.org\/{rel}","templated":true}]}}