{"id":121885,"date":"2023-09-01T11:27:18","date_gmt":"2023-09-01T14:27:18","guid":{"rendered":"https:\/\/eldiariodesanpedro.com.ar\/sitio\/?p=121885"},"modified":"2023-09-01T11:27:21","modified_gmt":"2023-09-01T14:27:21","slug":"reunion-de-trabajo-en-el-area-de-salud-mental","status":"publish","type":"post","link":"https:\/\/eldiariodesanpedro.com.ar\/sitio\/reunion-de-trabajo-en-el-area-de-salud-mental\/","title":{"rendered":"Reuni\u00f3n de Trabajo en el \u00c1rea de Salud Mental"},"content":{"rendered":"<!-- VideographyWP Plugin Message: Automatic video embedding prevented by plugin options. -->\n\n<p>Esta ma\u00f1ana la Coordinadora del \u00e1rea de Salud Mental, Paola Vaccari, recibi\u00f3 a integrantes del grupo que ha venido formulando inquietudes con relaci\u00f3n a este importante tema y con quienes desde la Secretar\u00eda de Salud de la Municipalidad de San Pedro, se ha iniciado una colaboraci\u00f3n activa para abordar de manera conjunta las problem\u00e1ticas que requieren una atenci\u00f3n continua.<\/p>\n\n\n\n<p>Durante este encuentro, se repasaron los puntos contenidos en el petitorio que fue presentado previamente al Intendente, Cecilio Salazar. Adem\u00e1s, se abordaron las demandas actuales y las actividades que se est\u00e1n desarrollando en el campo de la salud mental junto a los proyectos&nbsp;a&nbsp;futuro.<\/p>\n","protected":false},"excerpt":{"rendered":"<p>Esta ma\u00f1ana la Coordinadora del \u00e1rea de Salud Mental, Paola Vaccari, recibi\u00f3 a integrantes del grupo que ha venido formulando inquietudes con relaci\u00f3n a este importante tema y con quienes desde la Secretar\u00eda de Salud de la Municipalidad de San Pedro, se ha iniciado una colaboraci\u00f3n activa para abordar de manera conjunta las problem\u00e1ticas que [&hellip;]<\/p>\n","protected":false},"author":4,"featured_media":121886,"comment_status":"closed","ping_status":"closed","sticky":false,"template":"","format":"standard","meta":{"om_disable_all_campaigns":false,"_jetpack_memberships_contains_paid_content":false,"footnotes":""},"categories":[101,2],"tags":[197,696,33,19],"class_list":["post-121885","post","type-post","status-publish","format-standard","has-post-thumbnail","hentry","category-interes-general-locales","category-locales","tag-buenos-aires","tag-interes-general","tag-locales","tag-san-pedro"],"aioseo_notices":[],"gutentor_comment":0,"jetpack_featured_media_url":"https:\/\/eldiariodesanpedro.com.ar\/sitio\/wp-content\/uploads\/2023\/09\/Imagen-de-WhatsApp-2023-09-01-a-las-11.05.07.jpg","jetpack_shortlink":"https:\/\/wp.me\/p6RhLt-vHT","jetpack_sharing_enabled":true,"_links":{"self":[{"href":"https:\/\/eldiariodesanpedro.com.ar\/sitio\/wp-json\/wp\/v2\/posts\/121885","targetHints":{"allow":["GET"]}}],"collection":[{"href":"https:\/\/eldiariodesanpedro.com.ar\/sitio\/wp-json\/wp\/v2\/posts"}],"about":[{"href":"https:\/\/eldiariodesanpedro.com.ar\/sitio\/wp-json\/wp\/v2\/types\/post"}],"author":[{"embeddable":true,"href":"https:\/\/eldiariodesanpedro.com.ar\/sitio\/wp-json\/wp\/v2\/users\/4"}],"replies":[{"embeddable":true,"href":"https:\/\/eldiariodesanpedro.com.ar\/sitio\/wp-json\/wp\/v2\/comments?post=121885"}],"version-history":[{"count":1,"href":"https:\/\/eldiariodesanpedro.com.ar\/sitio\/wp-json\/wp\/v2\/posts\/121885\/revisions"}],"predecessor-version":[{"id":121887,"href":"https:\/\/eldiariodesanpedro.com.ar\/sitio\/wp-json\/wp\/v2\/posts\/121885\/revisions\/121887"}],"wp:featuredmedia":[{"embeddable":true,"href":"https:\/\/eldiariodesanpedro.com.ar\/sitio\/wp-json\/wp\/v2\/media\/121886"}],"wp:attachment":[{"href":"https:\/\/eldiariodesanpedro.com.ar\/sitio\/wp-json\/wp\/v2\/media?parent=121885"}],"wp:term":[{"taxonomy":"category","embeddable":true,"href":"https:\/\/eldiariodesanpedro.com.ar\/sitio\/wp-json\/wp\/v2\/categories?post=121885"},{"taxonomy":"post_tag","embeddable":true,"href":"https:\/\/eldiariodesanpedro.com.ar\/sitio\/wp-json\/wp\/v2\/tags?post=121885"}],"curies":[{"name":"wp","href":"https:\/\/api.w.org\/{rel}","templated":true}]}}