{"id":121879,"date":"2023-09-01T11:18:07","date_gmt":"2023-09-01T14:18:07","guid":{"rendered":"https:\/\/eldiariodesanpedro.com.ar\/sitio\/?p=121879"},"modified":"2023-09-01T11:18:10","modified_gmt":"2023-09-01T14:18:10","slug":"programa-creando-conciencia-taller-tu-salud-tu-derecho-para-personas-con-diabetes","status":"publish","type":"post","link":"https:\/\/eldiariodesanpedro.com.ar\/sitio\/programa-creando-conciencia-taller-tu-salud-tu-derecho-para-personas-con-diabetes\/","title":{"rendered":"Programa Creando Conciencia: Taller \u00abTu Salud, Tu Derecho\u00bb para Personas con Diabetes"},"content":{"rendered":"<!-- VideographyWP Plugin Message: Automatic video embedding prevented by plugin options. -->\n\n<p>La Secretar\u00eda de Salud de la Municipalidad de San Pedro ha llevado a cabo en el Polo Municipal de Salud el cuarto taller del Programa Creando Conciencia.<\/p>\n\n\n\n<p>Esta iniciativa, enfocada en personas que viven con Diabetes, bajo el t\u00edtulo \u00abTu Salud, Tu Derecho\u00bb, fue dirigido por las profesionales Lic. Florencia Cuesta, Lic. Cintia Oliveto y Lic. Carolina S\u00e1nchez. El evento se centr\u00f3 en proporcionar asesoramiento en relaci\u00f3n a la ley de Diabetes 26914, con el objetivo de brindar conocimiento a los asistentes sobre sus derechos y recursos disponibles.<\/p>\n\n\n\n<p>Los participantes recibieron informaci\u00f3n detallada sobre c\u00f3mo llevar a cabo reclamos y gestionar situaciones relacionadas con la diabetes. Adem\u00e1s, se brind\u00f3 una gu\u00eda completa de recursos provenientes de organismos de control, con el fin de facilitar el acceso a la informaci\u00f3n necesaria para una mejor calidad\u00a0de\u00a0vida.<\/p>\n\n\n\n<figure class=\"wp-block-image size-full\"><img decoding=\"async\" width=\"474\" height=\"630\" data-attachment-id=\"121881\" data-permalink=\"https:\/\/eldiariodesanpedro.com.ar\/sitio\/programa-creando-conciencia-taller-tu-salud-tu-derecho-para-personas-con-diabetes\/imagen-de-whatsapp-2023-09-01-a-las-08-35-58\/\" data-orig-file=\"https:\/\/eldiariodesanpedro.com.ar\/sitio\/wp-content\/uploads\/2023\/09\/Imagen-de-WhatsApp-2023-09-01-a-las-08.35.58.jpg\" data-orig-size=\"474,630\" data-comments-opened=\"0\" data-image-meta=\"{&quot;aperture&quot;:&quot;0&quot;,&quot;credit&quot;:&quot;&quot;,&quot;camera&quot;:&quot;&quot;,&quot;caption&quot;:&quot;&quot;,&quot;created_timestamp&quot;:&quot;0&quot;,&quot;copyright&quot;:&quot;&quot;,&quot;focal_length&quot;:&quot;0&quot;,&quot;iso&quot;:&quot;0&quot;,&quot;shutter_speed&quot;:&quot;0&quot;,&quot;title&quot;:&quot;&quot;,&quot;orientation&quot;:&quot;0&quot;}\" data-image-title=\"Imagen de WhatsApp 2023-09-01 a las 08.35.58\" data-image-description=\"\" data-image-caption=\"\" data-large-file=\"https:\/\/eldiariodesanpedro.com.ar\/sitio\/wp-content\/uploads\/2023\/09\/Imagen-de-WhatsApp-2023-09-01-a-las-08.35.58.jpg\" data-src=\"https:\/\/eldiariodesanpedro.com.ar\/sitio\/wp-content\/uploads\/2023\/09\/Imagen-de-WhatsApp-2023-09-01-a-las-08.35.58.jpg\" alt=\"\" class=\"wp-image-121881 lazyload\" data-srcset=\"https:\/\/eldiariodesanpedro.com.ar\/sitio\/wp-content\/uploads\/2023\/09\/Imagen-de-WhatsApp-2023-09-01-a-las-08.35.58.jpg 474w, https:\/\/eldiariodesanpedro.com.ar\/sitio\/wp-content\/uploads\/2023\/09\/Imagen-de-WhatsApp-2023-09-01-a-las-08.35.58-226x300.jpg 226w\" data-sizes=\"(max-width: 474px) 100vw, 474px\" src=\"data:image\/svg+xml;base64,PHN2ZyB3aWR0aD0iMSIgaGVpZ2h0PSIxIiB4bWxucz0iaHR0cDovL3d3dy53My5vcmcvMjAwMC9zdmciPjwvc3ZnPg==\" style=\"--smush-placeholder-width: 474px; --smush-placeholder-aspect-ratio: 474\/630;\" \/><\/figure>\n","protected":false},"excerpt":{"rendered":"<p>La Secretar\u00eda de Salud de la Municipalidad de San Pedro ha llevado a cabo en el Polo Municipal de Salud el cuarto taller del Programa Creando Conciencia. Esta iniciativa, enfocada en personas que viven con Diabetes, bajo el t\u00edtulo \u00abTu Salud, Tu Derecho\u00bb, fue dirigido por las profesionales Lic. Florencia Cuesta, Lic. Cintia Oliveto y [&hellip;]<\/p>\n","protected":false},"author":4,"featured_media":121880,"comment_status":"closed","ping_status":"closed","sticky":false,"template":"","format":"standard","meta":{"om_disable_all_campaigns":false,"_jetpack_memberships_contains_paid_content":false,"footnotes":""},"categories":[101,2],"tags":[197,696,33,19],"class_list":["post-121879","post","type-post","status-publish","format-standard","has-post-thumbnail","hentry","category-interes-general-locales","category-locales","tag-buenos-aires","tag-interes-general","tag-locales","tag-san-pedro"],"aioseo_notices":[],"gutentor_comment":0,"jetpack_featured_media_url":"https:\/\/eldiariodesanpedro.com.ar\/sitio\/wp-content\/uploads\/2023\/09\/Imagen-de-WhatsApp-2023-09-01-a-las-08.35.57.jpg","jetpack_shortlink":"https:\/\/wp.me\/p6RhLt-vHN","jetpack_sharing_enabled":true,"_links":{"self":[{"href":"https:\/\/eldiariodesanpedro.com.ar\/sitio\/wp-json\/wp\/v2\/posts\/121879","targetHints":{"allow":["GET"]}}],"collection":[{"href":"https:\/\/eldiariodesanpedro.com.ar\/sitio\/wp-json\/wp\/v2\/posts"}],"about":[{"href":"https:\/\/eldiariodesanpedro.com.ar\/sitio\/wp-json\/wp\/v2\/types\/post"}],"author":[{"embeddable":true,"href":"https:\/\/eldiariodesanpedro.com.ar\/sitio\/wp-json\/wp\/v2\/users\/4"}],"replies":[{"embeddable":true,"href":"https:\/\/eldiariodesanpedro.com.ar\/sitio\/wp-json\/wp\/v2\/comments?post=121879"}],"version-history":[{"count":1,"href":"https:\/\/eldiariodesanpedro.com.ar\/sitio\/wp-json\/wp\/v2\/posts\/121879\/revisions"}],"predecessor-version":[{"id":121884,"href":"https:\/\/eldiariodesanpedro.com.ar\/sitio\/wp-json\/wp\/v2\/posts\/121879\/revisions\/121884"}],"wp:featuredmedia":[{"embeddable":true,"href":"https:\/\/eldiariodesanpedro.com.ar\/sitio\/wp-json\/wp\/v2\/media\/121880"}],"wp:attachment":[{"href":"https:\/\/eldiariodesanpedro.com.ar\/sitio\/wp-json\/wp\/v2\/media?parent=121879"}],"wp:term":[{"taxonomy":"category","embeddable":true,"href":"https:\/\/eldiariodesanpedro.com.ar\/sitio\/wp-json\/wp\/v2\/categories?post=121879"},{"taxonomy":"post_tag","embeddable":true,"href":"https:\/\/eldiariodesanpedro.com.ar\/sitio\/wp-json\/wp\/v2\/tags?post=121879"}],"curies":[{"name":"wp","href":"https:\/\/api.w.org\/{rel}","templated":true}]}}