{"id":121870,"date":"2023-09-01T10:55:05","date_gmt":"2023-09-01T13:55:05","guid":{"rendered":"https:\/\/eldiariodesanpedro.com.ar\/sitio\/?p=121870"},"modified":"2023-09-01T11:00:57","modified_gmt":"2023-09-01T14:00:57","slug":"comienza-la-19-edicion-de-san-pedro-coral-en-el-salon-de-los-espejos","status":"publish","type":"post","link":"https:\/\/eldiariodesanpedro.com.ar\/sitio\/comienza-la-19-edicion-de-san-pedro-coral-en-el-salon-de-los-espejos\/","title":{"rendered":"Comienza la 19\u00b0 Edici\u00f3n de San Pedro Coral en el Sal\u00f3n de los Espejos"},"content":{"rendered":"<!-- VideographyWP Plugin Message: Automatic video embedding prevented by plugin options. -->\n\n<p>La 19\u00b0 edici\u00f3n de San Pedro Coral comenzar\u00e1 el viernes 1 de septiembre en el Sal\u00f3n de los Espejos. El Centro de Comercio Industria y Turismo de San Pedro se enorgullece al auspiciar y compartir esta invitaci\u00f3n abierta a todos los sampedrinos para presenciar los conciertos programados en esta edici\u00f3n. El evento se llevar\u00e1 a cabo durante dos d\u00edas consecutivos, el viernes 1\u00b0 y el s\u00e1bado 2\u00b0 de septiembre, con entrada libre y gratuita, y contar\u00e1 con la participaci\u00f3n de agrupaciones corales de diferentes lugares de Argentina.<\/p>\n\n\n\n<p>La apertura oficial tendr\u00e1 lugar este viernes a las 18 horas en el Sal\u00f3n de los Espejos. En esta ocasi\u00f3n, se presentar\u00e1n las siguientes agrupaciones corales: CORAL VIVACE, CORO EUSKAL-ETXEA, CORO DE GUERRICO, VOCES GRANATES y CORO DE LA SOCIEDAD ITALIANA DE SAN PEDRO.<\/p>\n\n\n\n<p>La celebraci\u00f3n coral continuar\u00e1 el s\u00e1bado 2 de septiembre a partir de las 20 horas en la parroquia San Roque.<\/p>\n\n\n\n<p>Para obtener m\u00e1s detalles sobre este evento, se puede visitar la p\u00e1gina de Facebook oficial del San Pedro Coral: <a href=\"https:\/\/www.facebook.com\/sanpedro.coral\">https:\/\/www.facebook.com\/sanpedro.coral<\/a><\/p>\n\n\n\n<figure class=\"wp-block-image size-full\"><img decoding=\"async\" width=\"630\" height=\"630\" data-attachment-id=\"121872\" data-permalink=\"https:\/\/eldiariodesanpedro.com.ar\/sitio\/comienza-la-19-edicion-de-san-pedro-coral-en-el-salon-de-los-espejos\/coral-1\/\" data-orig-file=\"https:\/\/eldiariodesanpedro.com.ar\/sitio\/wp-content\/uploads\/2023\/09\/coral-1.jpeg\" data-orig-size=\"630,630\" data-comments-opened=\"0\" data-image-meta=\"{&quot;aperture&quot;:&quot;0&quot;,&quot;credit&quot;:&quot;&quot;,&quot;camera&quot;:&quot;&quot;,&quot;caption&quot;:&quot;&quot;,&quot;created_timestamp&quot;:&quot;0&quot;,&quot;copyright&quot;:&quot;&quot;,&quot;focal_length&quot;:&quot;0&quot;,&quot;iso&quot;:&quot;0&quot;,&quot;shutter_speed&quot;:&quot;0&quot;,&quot;title&quot;:&quot;&quot;,&quot;orientation&quot;:&quot;0&quot;}\" data-image-title=\"coral-1\" data-image-description=\"\" data-image-caption=\"\" data-large-file=\"https:\/\/eldiariodesanpedro.com.ar\/sitio\/wp-content\/uploads\/2023\/09\/coral-1.jpeg\" data-src=\"https:\/\/eldiariodesanpedro.com.ar\/sitio\/wp-content\/uploads\/2023\/09\/coral-1.jpeg\" alt=\"\" class=\"wp-image-121872 lazyload\" data-srcset=\"https:\/\/eldiariodesanpedro.com.ar\/sitio\/wp-content\/uploads\/2023\/09\/coral-1.jpeg 630w, https:\/\/eldiariodesanpedro.com.ar\/sitio\/wp-content\/uploads\/2023\/09\/coral-1-300x300.jpeg 300w, https:\/\/eldiariodesanpedro.com.ar\/sitio\/wp-content\/uploads\/2023\/09\/coral-1-150x150.jpeg 150w\" data-sizes=\"(max-width: 630px) 100vw, 630px\" src=\"data:image\/svg+xml;base64,PHN2ZyB3aWR0aD0iMSIgaGVpZ2h0PSIxIiB4bWxucz0iaHR0cDovL3d3dy53My5vcmcvMjAwMC9zdmciPjwvc3ZnPg==\" style=\"--smush-placeholder-width: 630px; --smush-placeholder-aspect-ratio: 630\/630;\" \/><\/figure>\n","protected":false},"excerpt":{"rendered":"<p>La 19\u00b0 edici\u00f3n de San Pedro Coral comenzar\u00e1 el viernes 1 de septiembre en el Sal\u00f3n de los Espejos. El Centro de Comercio Industria y Turismo de San Pedro se enorgullece al auspiciar y compartir esta invitaci\u00f3n abierta a todos los sampedrinos para presenciar los conciertos programados en esta edici\u00f3n. El evento se llevar\u00e1 a [&hellip;]<\/p>\n","protected":false},"author":4,"featured_media":121871,"comment_status":"closed","ping_status":"closed","sticky":false,"template":"","format":"standard","meta":{"om_disable_all_campaigns":false,"_jetpack_memberships_contains_paid_content":false,"footnotes":""},"categories":[50,101,2],"tags":[197,696,33,19],"class_list":["post-121870","post","type-post","status-publish","format-standard","has-post-thumbnail","hentry","category-destacadas","category-interes-general-locales","category-locales","tag-buenos-aires","tag-interes-general","tag-locales","tag-san-pedro"],"aioseo_notices":[],"gutentor_comment":0,"jetpack_featured_media_url":"https:\/\/eldiariodesanpedro.com.ar\/sitio\/wp-content\/uploads\/2023\/09\/308786586_633556964891716_214718603059542943_n.jpg","jetpack_shortlink":"https:\/\/wp.me\/p6RhLt-vHE","jetpack_sharing_enabled":true,"_links":{"self":[{"href":"https:\/\/eldiariodesanpedro.com.ar\/sitio\/wp-json\/wp\/v2\/posts\/121870","targetHints":{"allow":["GET"]}}],"collection":[{"href":"https:\/\/eldiariodesanpedro.com.ar\/sitio\/wp-json\/wp\/v2\/posts"}],"about":[{"href":"https:\/\/eldiariodesanpedro.com.ar\/sitio\/wp-json\/wp\/v2\/types\/post"}],"author":[{"embeddable":true,"href":"https:\/\/eldiariodesanpedro.com.ar\/sitio\/wp-json\/wp\/v2\/users\/4"}],"replies":[{"embeddable":true,"href":"https:\/\/eldiariodesanpedro.com.ar\/sitio\/wp-json\/wp\/v2\/comments?post=121870"}],"version-history":[{"count":3,"href":"https:\/\/eldiariodesanpedro.com.ar\/sitio\/wp-json\/wp\/v2\/posts\/121870\/revisions"}],"predecessor-version":[{"id":121876,"href":"https:\/\/eldiariodesanpedro.com.ar\/sitio\/wp-json\/wp\/v2\/posts\/121870\/revisions\/121876"}],"wp:featuredmedia":[{"embeddable":true,"href":"https:\/\/eldiariodesanpedro.com.ar\/sitio\/wp-json\/wp\/v2\/media\/121871"}],"wp:attachment":[{"href":"https:\/\/eldiariodesanpedro.com.ar\/sitio\/wp-json\/wp\/v2\/media?parent=121870"}],"wp:term":[{"taxonomy":"category","embeddable":true,"href":"https:\/\/eldiariodesanpedro.com.ar\/sitio\/wp-json\/wp\/v2\/categories?post=121870"},{"taxonomy":"post_tag","embeddable":true,"href":"https:\/\/eldiariodesanpedro.com.ar\/sitio\/wp-json\/wp\/v2\/tags?post=121870"}],"curies":[{"name":"wp","href":"https:\/\/api.w.org\/{rel}","templated":true}]}}