{"id":12187,"date":"2016-12-30T19:29:05","date_gmt":"2016-12-30T22:29:05","guid":{"rendered":"https:\/\/eldiariodesanpedro.com.ar\/sitio\/?p=12187"},"modified":"2016-12-30T19:29:05","modified_gmt":"2016-12-30T22:29:05","slug":"fin-de-la-peor-epidemia-de-fiebre-amarilla-en-decadas","status":"publish","type":"post","link":"https:\/\/eldiariodesanpedro.com.ar\/sitio\/fin-de-la-peor-epidemia-de-fiebre-amarilla-en-decadas\/","title":{"rendered":"Fin de la peor epidemia de fiebre amarilla en d\u00e9cadas"},"content":{"rendered":"<p><!-- VideographyWP Plugin Message: Automatic video embedding prevented by plugin options. --><br \/>\n(Infobae) &#8211; La OMS organiz\u00f3 una campa\u00f1a para acabar con el brote que en un a\u00f1o mat\u00f3 a m\u00e1s de 400 personas en Angola. Por qu\u00e9 aument\u00f3 el n\u00famero de casos.<\/p>\n<p>   La fiebre amarilla es una enfermedad viral que se transmite a trav\u00e9s de la picadura del mosquito Aedes aegypti. Puede ser grave y hasta provocar la muerte. No tiene tratamiento pero puede prevenirse mediante el tipo de vacuna espec\u00edfico, un m\u00e9todo seguro y efectivo.<\/p>\n<p>   Angola declar\u00f3 el viernes el fin de la peor epidemia mundial de fiebre amarilla en una generaci\u00f3n, tras una campa\u00f1a de vacunaci\u00f3n de 25 millones de personas apoyada por Naciones Unidas que logr\u00f3 que no se diagnosticaran nuevos casos en seis meses.<\/p>\n<p>   El brote comenz\u00f3 hace un a\u00f1o en un suburbio de la capital, Luanda, antes de extenderse por toda Angola, un pa\u00eds del sureste africano que todav\u00eda conserva las cicatrices de la guerra, y la Rep\u00fablica Democr\u00e1tica del Congo. En total, m\u00e1s de 400 personas han muerto.<\/p>\n<p>   M\u00e1s de 15 millones de angole\u00f1os y 10 millones de congole\u00f1os fueron vacunados gracias a una campa\u00f1a coordinada por la Organizaci\u00f3n Mundial de la Salud (OMS).<\/p>\n<p>   En un comunicado titulado \u00abEl fin de la epidemia de fiebre amarilla en Angola\u00bb, el Ministerio de Salud de Luanda dijo que la campa\u00f1a de vacunaci\u00f3n hab\u00eda detenido a la enfermedad.<\/p>\n<p>   La OMS dijo en septiembre que la epidemia estaba bajo control pero que era demasiado pronto para decir que hab\u00eda sido erradicada, pues se sospechaba que pod\u00eda haber hasta 6.000 casos de esta enfermedad transmitida a trav\u00e9s de mosquitos.<\/p>\n<p>   El riesgo de estos brotes en todo el mundo ha aumentado en los \u00faltimos a\u00f1os como consecuencia de la urbanizaci\u00f3n y de la movilidad creciente de la poblaci\u00f3n. Este a\u00f1o, adem\u00e1s, fue particularmente fuerte por el fen\u00f3meno meteorol\u00f3gico El Ni\u00f1o, que multiplic\u00f3 el n\u00famero de mosquitos.<\/p>\n","protected":false},"excerpt":{"rendered":"<p>(Infobae) &#8211; La OMS organiz\u00f3 una campa\u00f1a para acabar con el brote que en un a\u00f1o mat\u00f3 a m\u00e1s de 400 personas en Angola. Por qu\u00e9 aument\u00f3 el n\u00famero de casos. La fiebre amarilla es una enfermedad viral que se transmite a trav\u00e9s de la picadura del mosquito Aedes aegypti. Puede ser grave y hasta [&hellip;]<\/p>\n","protected":false},"author":4,"featured_media":12188,"comment_status":"open","ping_status":"closed","sticky":false,"template":"","format":"standard","meta":{"om_disable_all_campaigns":false,"_jetpack_memberships_contains_paid_content":false,"footnotes":""},"categories":[2],"tags":[],"class_list":["post-12187","post","type-post","status-publish","format-standard","has-post-thumbnail","hentry","category-locales"],"aioseo_notices":[],"gutentor_comment":0,"jetpack_featured_media_url":"https:\/\/eldiariodesanpedro.com.ar\/sitio\/wp-content\/uploads\/2016\/12\/Fiebre-amarilla.jpg","jetpack_shortlink":"https:\/\/wp.me\/p6RhLt-3az","jetpack_sharing_enabled":true,"_links":{"self":[{"href":"https:\/\/eldiariodesanpedro.com.ar\/sitio\/wp-json\/wp\/v2\/posts\/12187","targetHints":{"allow":["GET"]}}],"collection":[{"href":"https:\/\/eldiariodesanpedro.com.ar\/sitio\/wp-json\/wp\/v2\/posts"}],"about":[{"href":"https:\/\/eldiariodesanpedro.com.ar\/sitio\/wp-json\/wp\/v2\/types\/post"}],"author":[{"embeddable":true,"href":"https:\/\/eldiariodesanpedro.com.ar\/sitio\/wp-json\/wp\/v2\/users\/4"}],"replies":[{"embeddable":true,"href":"https:\/\/eldiariodesanpedro.com.ar\/sitio\/wp-json\/wp\/v2\/comments?post=12187"}],"version-history":[{"count":1,"href":"https:\/\/eldiariodesanpedro.com.ar\/sitio\/wp-json\/wp\/v2\/posts\/12187\/revisions"}],"predecessor-version":[{"id":12189,"href":"https:\/\/eldiariodesanpedro.com.ar\/sitio\/wp-json\/wp\/v2\/posts\/12187\/revisions\/12189"}],"wp:featuredmedia":[{"embeddable":true,"href":"https:\/\/eldiariodesanpedro.com.ar\/sitio\/wp-json\/wp\/v2\/media\/12188"}],"wp:attachment":[{"href":"https:\/\/eldiariodesanpedro.com.ar\/sitio\/wp-json\/wp\/v2\/media?parent=12187"}],"wp:term":[{"taxonomy":"category","embeddable":true,"href":"https:\/\/eldiariodesanpedro.com.ar\/sitio\/wp-json\/wp\/v2\/categories?post=12187"},{"taxonomy":"post_tag","embeddable":true,"href":"https:\/\/eldiariodesanpedro.com.ar\/sitio\/wp-json\/wp\/v2\/tags?post=12187"}],"curies":[{"name":"wp","href":"https:\/\/api.w.org\/{rel}","templated":true}]}}