{"id":121867,"date":"2023-08-31T20:08:16","date_gmt":"2023-08-31T23:08:16","guid":{"rendered":"https:\/\/eldiariodesanpedro.com.ar\/sitio\/?p=121867"},"modified":"2023-08-31T20:08:17","modified_gmt":"2023-08-31T23:08:17","slug":"comienzan-los-preparativos-para-la-29-semana-de-la-juventud-en-santa-lucia","status":"publish","type":"post","link":"https:\/\/eldiariodesanpedro.com.ar\/sitio\/comienzan-los-preparativos-para-la-29-semana-de-la-juventud-en-santa-lucia\/","title":{"rendered":"Comienzan los preparativos para la 29\u00b0 semana de la Juventud en Santa Luc\u00eda"},"content":{"rendered":"<!-- VideographyWP Plugin Message: Automatic video embedding prevented by plugin options. -->\n\n<p>Este jueves, el Intendente Cecilio Salazar visit\u00f3 la localidad de Santa Luc\u00eda para mantener un encuentro en el Instituto Margarita O&#8217;Farrell de Maguire junto a los coordinadores y coordinadoras de la Semana de la Juventud y el Delegado Municipal, Sergio Barrios para comenzar a diagramar las actividades que se llevar\u00e1n a cabo durante la 29\u00b0 Semana de la Juventud que este a\u00f1o se desarrollar\u00e1 desde el 5 al 10 de noviembre con la conmemoraci\u00f3n de los 40 a\u00f1os del retorno de la democracia como eje.<\/p>\n\n\n\n<p>Durante el encuentro, del que participaron Mariana Camarote, Valeria Camarote, Mariana Sanz y Agust\u00edn Diaz, se repasaron las cuestiones organizativas y necesidades para el \u00f3ptimo desarrollo de&nbsp;las&nbsp;jornadas.<\/p>\n","protected":false},"excerpt":{"rendered":"<p>Este jueves, el Intendente Cecilio Salazar visit\u00f3 la localidad de Santa Luc\u00eda para mantener un encuentro en el Instituto Margarita O&#8217;Farrell de Maguire junto a los coordinadores y coordinadoras de la Semana de la Juventud y el Delegado Municipal, Sergio Barrios para comenzar a diagramar las actividades que se llevar\u00e1n a cabo durante la 29\u00b0 [&hellip;]<\/p>\n","protected":false},"author":4,"featured_media":121868,"comment_status":"closed","ping_status":"closed","sticky":false,"template":"","format":"standard","meta":{"om_disable_all_campaigns":false,"_jetpack_memberships_contains_paid_content":false,"footnotes":""},"categories":[101,2],"tags":[197,696,33,19],"class_list":["post-121867","post","type-post","status-publish","format-standard","has-post-thumbnail","hentry","category-interes-general-locales","category-locales","tag-buenos-aires","tag-interes-general","tag-locales","tag-san-pedro"],"aioseo_notices":[],"gutentor_comment":0,"jetpack_featured_media_url":"https:\/\/eldiariodesanpedro.com.ar\/sitio\/wp-content\/uploads\/2023\/08\/Imagen-de-WhatsApp-2023-08-31-a-las-19.29.01.jpg","jetpack_shortlink":"https:\/\/wp.me\/p6RhLt-vHB","jetpack_sharing_enabled":true,"_links":{"self":[{"href":"https:\/\/eldiariodesanpedro.com.ar\/sitio\/wp-json\/wp\/v2\/posts\/121867","targetHints":{"allow":["GET"]}}],"collection":[{"href":"https:\/\/eldiariodesanpedro.com.ar\/sitio\/wp-json\/wp\/v2\/posts"}],"about":[{"href":"https:\/\/eldiariodesanpedro.com.ar\/sitio\/wp-json\/wp\/v2\/types\/post"}],"author":[{"embeddable":true,"href":"https:\/\/eldiariodesanpedro.com.ar\/sitio\/wp-json\/wp\/v2\/users\/4"}],"replies":[{"embeddable":true,"href":"https:\/\/eldiariodesanpedro.com.ar\/sitio\/wp-json\/wp\/v2\/comments?post=121867"}],"version-history":[{"count":1,"href":"https:\/\/eldiariodesanpedro.com.ar\/sitio\/wp-json\/wp\/v2\/posts\/121867\/revisions"}],"predecessor-version":[{"id":121869,"href":"https:\/\/eldiariodesanpedro.com.ar\/sitio\/wp-json\/wp\/v2\/posts\/121867\/revisions\/121869"}],"wp:featuredmedia":[{"embeddable":true,"href":"https:\/\/eldiariodesanpedro.com.ar\/sitio\/wp-json\/wp\/v2\/media\/121868"}],"wp:attachment":[{"href":"https:\/\/eldiariodesanpedro.com.ar\/sitio\/wp-json\/wp\/v2\/media?parent=121867"}],"wp:term":[{"taxonomy":"category","embeddable":true,"href":"https:\/\/eldiariodesanpedro.com.ar\/sitio\/wp-json\/wp\/v2\/categories?post=121867"},{"taxonomy":"post_tag","embeddable":true,"href":"https:\/\/eldiariodesanpedro.com.ar\/sitio\/wp-json\/wp\/v2\/tags?post=121867"}],"curies":[{"name":"wp","href":"https:\/\/api.w.org\/{rel}","templated":true}]}}