{"id":121862,"date":"2023-08-31T20:03:05","date_gmt":"2023-08-31T23:03:05","guid":{"rendered":"https:\/\/eldiariodesanpedro.com.ar\/sitio\/?p=121862"},"modified":"2023-08-31T20:03:06","modified_gmt":"2023-08-31T23:03:06","slug":"firma-del-decreto-para-la-transferencia-de-una-nueva-partida-del-fondo-educativo-2","status":"publish","type":"post","link":"https:\/\/eldiariodesanpedro.com.ar\/sitio\/firma-del-decreto-para-la-transferencia-de-una-nueva-partida-del-fondo-educativo-2\/","title":{"rendered":"Firma del decreto para la transferencia de una nueva partida del Fondo Educativo"},"content":{"rendered":"<!-- VideographyWP Plugin Message: Automatic video embedding prevented by plugin options. -->\n\n<p>El Intendente Municipal Cecilio Salazar y el Secretario de Econom\u00eda y Hacienda, Alfredo Carrasco mantuvieron esta ma\u00f1ana una reuni\u00f3n con el Presidente del Consejo Escolar Jorge D&#8217;Andrea; y las Consejeras Myriam Bonilla y Romina Rosell\u00f3 para repasar la agenda relacionada con la gesti\u00f3n educativa y el desarrollo de las obras de reparaci\u00f3n y ampliaci\u00f3n que est\u00e1n en marcha.<\/p>\n\n\n\n<p>En el encuentro, se firm\u00f3 el decreto que establece la transferencia de 40 millones de pesos correspondientes al Fondo Educativo. Los fondos ser\u00e1n utilizados para realizar obras que atiendan las necesidades de las Instituciones Educativas de todos los niveles y para la adquisici\u00f3n e instalaci\u00f3n de equipamientos en los establecimientos educativos, continuando con el compromiso asumido por el Gobierno Municipal de priorizar la educaci\u00f3n y trabajar en forma conjunta con el Consejo Escolar, a fin de que la comunidad educativa cuente con mejores\u00a0condiciones.<\/p>\n\n\n\n<figure class=\"wp-block-image size-full\"><img decoding=\"async\" width=\"999\" height=\"630\" data-attachment-id=\"121865\" data-permalink=\"https:\/\/eldiariodesanpedro.com.ar\/sitio\/firma-del-decreto-para-la-transferencia-de-una-nueva-partida-del-fondo-educativo-2\/imagen-de-whatsapp-2023-08-31-a-las-18-49-43\/\" data-orig-file=\"https:\/\/eldiariodesanpedro.com.ar\/sitio\/wp-content\/uploads\/2023\/08\/Imagen-de-WhatsApp-2023-08-31-a-las-18.49.43.jpg\" data-orig-size=\"999,630\" data-comments-opened=\"0\" data-image-meta=\"{&quot;aperture&quot;:&quot;0&quot;,&quot;credit&quot;:&quot;&quot;,&quot;camera&quot;:&quot;&quot;,&quot;caption&quot;:&quot;&quot;,&quot;created_timestamp&quot;:&quot;0&quot;,&quot;copyright&quot;:&quot;&quot;,&quot;focal_length&quot;:&quot;0&quot;,&quot;iso&quot;:&quot;0&quot;,&quot;shutter_speed&quot;:&quot;0&quot;,&quot;title&quot;:&quot;&quot;,&quot;orientation&quot;:&quot;0&quot;}\" data-image-title=\"Imagen de WhatsApp 2023-08-31 a las 18.49.43\" data-image-description=\"\" data-image-caption=\"\" data-large-file=\"https:\/\/eldiariodesanpedro.com.ar\/sitio\/wp-content\/uploads\/2023\/08\/Imagen-de-WhatsApp-2023-08-31-a-las-18.49.43.jpg\" data-src=\"https:\/\/eldiariodesanpedro.com.ar\/sitio\/wp-content\/uploads\/2023\/08\/Imagen-de-WhatsApp-2023-08-31-a-las-18.49.43.jpg\" alt=\"\" class=\"wp-image-121865 lazyload\" data-srcset=\"https:\/\/eldiariodesanpedro.com.ar\/sitio\/wp-content\/uploads\/2023\/08\/Imagen-de-WhatsApp-2023-08-31-a-las-18.49.43.jpg 999w, https:\/\/eldiariodesanpedro.com.ar\/sitio\/wp-content\/uploads\/2023\/08\/Imagen-de-WhatsApp-2023-08-31-a-las-18.49.43-300x189.jpg 300w, https:\/\/eldiariodesanpedro.com.ar\/sitio\/wp-content\/uploads\/2023\/08\/Imagen-de-WhatsApp-2023-08-31-a-las-18.49.43-768x484.jpg 768w, https:\/\/eldiariodesanpedro.com.ar\/sitio\/wp-content\/uploads\/2023\/08\/Imagen-de-WhatsApp-2023-08-31-a-las-18.49.43-345x218.jpg 345w, https:\/\/eldiariodesanpedro.com.ar\/sitio\/wp-content\/uploads\/2023\/08\/Imagen-de-WhatsApp-2023-08-31-a-las-18.49.43-700x441.jpg 700w\" data-sizes=\"(max-width: 999px) 100vw, 999px\" src=\"data:image\/svg+xml;base64,PHN2ZyB3aWR0aD0iMSIgaGVpZ2h0PSIxIiB4bWxucz0iaHR0cDovL3d3dy53My5vcmcvMjAwMC9zdmciPjwvc3ZnPg==\" style=\"--smush-placeholder-width: 999px; --smush-placeholder-aspect-ratio: 999\/630;\" \/><\/figure>\n\n\n\n<figure class=\"wp-block-image size-full\"><img decoding=\"async\" width=\"863\" height=\"630\" data-attachment-id=\"121864\" data-permalink=\"https:\/\/eldiariodesanpedro.com.ar\/sitio\/firma-del-decreto-para-la-transferencia-de-una-nueva-partida-del-fondo-educativo-2\/imagen-de-whatsapp-2023-08-31-a-las-18-49-42\/\" data-orig-file=\"https:\/\/eldiariodesanpedro.com.ar\/sitio\/wp-content\/uploads\/2023\/08\/Imagen-de-WhatsApp-2023-08-31-a-las-18.49.42.jpg\" data-orig-size=\"863,630\" data-comments-opened=\"0\" data-image-meta=\"{&quot;aperture&quot;:&quot;0&quot;,&quot;credit&quot;:&quot;&quot;,&quot;camera&quot;:&quot;&quot;,&quot;caption&quot;:&quot;&quot;,&quot;created_timestamp&quot;:&quot;0&quot;,&quot;copyright&quot;:&quot;&quot;,&quot;focal_length&quot;:&quot;0&quot;,&quot;iso&quot;:&quot;0&quot;,&quot;shutter_speed&quot;:&quot;0&quot;,&quot;title&quot;:&quot;&quot;,&quot;orientation&quot;:&quot;0&quot;}\" data-image-title=\"Imagen de WhatsApp 2023-08-31 a las 18.49.42\" data-image-description=\"\" data-image-caption=\"\" data-large-file=\"https:\/\/eldiariodesanpedro.com.ar\/sitio\/wp-content\/uploads\/2023\/08\/Imagen-de-WhatsApp-2023-08-31-a-las-18.49.42.jpg\" data-src=\"https:\/\/eldiariodesanpedro.com.ar\/sitio\/wp-content\/uploads\/2023\/08\/Imagen-de-WhatsApp-2023-08-31-a-las-18.49.42.jpg\" alt=\"\" class=\"wp-image-121864 lazyload\" data-srcset=\"https:\/\/eldiariodesanpedro.com.ar\/sitio\/wp-content\/uploads\/2023\/08\/Imagen-de-WhatsApp-2023-08-31-a-las-18.49.42.jpg 863w, https:\/\/eldiariodesanpedro.com.ar\/sitio\/wp-content\/uploads\/2023\/08\/Imagen-de-WhatsApp-2023-08-31-a-las-18.49.42-300x219.jpg 300w, https:\/\/eldiariodesanpedro.com.ar\/sitio\/wp-content\/uploads\/2023\/08\/Imagen-de-WhatsApp-2023-08-31-a-las-18.49.42-768x561.jpg 768w\" data-sizes=\"(max-width: 863px) 100vw, 863px\" src=\"data:image\/svg+xml;base64,PHN2ZyB3aWR0aD0iMSIgaGVpZ2h0PSIxIiB4bWxucz0iaHR0cDovL3d3dy53My5vcmcvMjAwMC9zdmciPjwvc3ZnPg==\" style=\"--smush-placeholder-width: 863px; --smush-placeholder-aspect-ratio: 863\/630;\" \/><\/figure>\n","protected":false},"excerpt":{"rendered":"<p>El Intendente Municipal Cecilio Salazar y el Secretario de Econom\u00eda y Hacienda, Alfredo Carrasco mantuvieron esta ma\u00f1ana una reuni\u00f3n con el Presidente del Consejo Escolar Jorge D&#8217;Andrea; y las Consejeras Myriam Bonilla y Romina Rosell\u00f3 para repasar la agenda relacionada con la gesti\u00f3n educativa y el desarrollo de las obras de reparaci\u00f3n y ampliaci\u00f3n que [&hellip;]<\/p>\n","protected":false},"author":4,"featured_media":121863,"comment_status":"closed","ping_status":"closed","sticky":false,"template":"","format":"standard","meta":{"om_disable_all_campaigns":false,"_jetpack_memberships_contains_paid_content":false,"footnotes":""},"categories":[50,101,2],"tags":[4450],"class_list":["post-121862","post","type-post","status-publish","format-standard","has-post-thumbnail","hentry","category-destacadas","category-interes-general-locales","category-locales","tag-firma-del-decreto-para-la-transferencia-de-una-nueva-partida-del-fondo-educativo"],"aioseo_notices":[],"gutentor_comment":0,"jetpack_featured_media_url":"https:\/\/eldiariodesanpedro.com.ar\/sitio\/wp-content\/uploads\/2023\/08\/Imagen-de-WhatsApp-2023-08-31-a-las-18.49.41.jpg","jetpack_shortlink":"https:\/\/wp.me\/p6RhLt-vHw","jetpack_sharing_enabled":true,"_links":{"self":[{"href":"https:\/\/eldiariodesanpedro.com.ar\/sitio\/wp-json\/wp\/v2\/posts\/121862","targetHints":{"allow":["GET"]}}],"collection":[{"href":"https:\/\/eldiariodesanpedro.com.ar\/sitio\/wp-json\/wp\/v2\/posts"}],"about":[{"href":"https:\/\/eldiariodesanpedro.com.ar\/sitio\/wp-json\/wp\/v2\/types\/post"}],"author":[{"embeddable":true,"href":"https:\/\/eldiariodesanpedro.com.ar\/sitio\/wp-json\/wp\/v2\/users\/4"}],"replies":[{"embeddable":true,"href":"https:\/\/eldiariodesanpedro.com.ar\/sitio\/wp-json\/wp\/v2\/comments?post=121862"}],"version-history":[{"count":1,"href":"https:\/\/eldiariodesanpedro.com.ar\/sitio\/wp-json\/wp\/v2\/posts\/121862\/revisions"}],"predecessor-version":[{"id":121866,"href":"https:\/\/eldiariodesanpedro.com.ar\/sitio\/wp-json\/wp\/v2\/posts\/121862\/revisions\/121866"}],"wp:featuredmedia":[{"embeddable":true,"href":"https:\/\/eldiariodesanpedro.com.ar\/sitio\/wp-json\/wp\/v2\/media\/121863"}],"wp:attachment":[{"href":"https:\/\/eldiariodesanpedro.com.ar\/sitio\/wp-json\/wp\/v2\/media?parent=121862"}],"wp:term":[{"taxonomy":"category","embeddable":true,"href":"https:\/\/eldiariodesanpedro.com.ar\/sitio\/wp-json\/wp\/v2\/categories?post=121862"},{"taxonomy":"post_tag","embeddable":true,"href":"https:\/\/eldiariodesanpedro.com.ar\/sitio\/wp-json\/wp\/v2\/tags?post=121862"}],"curies":[{"name":"wp","href":"https:\/\/api.w.org\/{rel}","templated":true}]}}