{"id":121860,"date":"2023-08-31T19:54:14","date_gmt":"2023-08-31T22:54:14","guid":{"rendered":"https:\/\/eldiariodesanpedro.com.ar\/sitio\/?p=121860"},"modified":"2023-08-31T19:54:15","modified_gmt":"2023-08-31T22:54:15","slug":"encuentro-entre-sindicatos-municipales-y-ejecutivo-por-bono-compensatorio","status":"publish","type":"post","link":"https:\/\/eldiariodesanpedro.com.ar\/sitio\/encuentro-entre-sindicatos-municipales-y-ejecutivo-por-bono-compensatorio\/","title":{"rendered":"Encuentro entre Sindicatos Municipales y Ejecutivo por Bono Compensatorio"},"content":{"rendered":"<!-- VideographyWP Plugin Message: Automatic video embedding prevented by plugin options. -->\n\n<p>Representantes sindicales y miembros del Ejecutivo de Cecilio Salazar se reunieron en la Municipalidad el pasado lunes para discutir el tema del bono compensatorio anunciado por el Ministro Sergio Massa. A nivel nacional, este bono est\u00e1 destinado a empleados estatales y trabajadores privados registrados con ingresos de hasta $400 mil mensuales. El bono consistir\u00e1 en dos pagos de $30 mil cada uno, sumando un total de $60 mil, y se otorgar\u00e1 como un adelanto de futuras negociaciones salariales.<\/p>\n\n\n\n<p>Aunque a\u00fan no se han mencionado cifras concretas en la reuni\u00f3n de los referentes sindicales municipales, se lleg\u00f3 a un acuerdo en torno a la implementaci\u00f3n de este bono. Sin embargo, se confirm\u00f3 que el monto no ser\u00e1 de $60 mil, ni se tratar\u00e1 como un adelanto salarial. Durante los d\u00edas martes y mi\u00e9rcoles se definir\u00e1n los montos y las modalidades de pago.<\/p>\n\n\n\n<p>Gustavo Gauna, Secretario General de ATE San Pedro, proporcion\u00f3 informaci\u00f3n sobre las dos posibles alternativas que se est\u00e1n considerando. La primera opci\u00f3n es dividir el bono en dos cuotas \u00fanicas y no remunerativas. La segunda alternativa involucra un \u00fanico pago de bono junto con un aumento del 5 por ciento en los salarios b\u00e1sicos, lo que tambi\u00e9n beneficiar\u00eda a los jubilados municipales.<\/p>\n\n\n\n<p>Ambas propuestas contemplan que los pagos se realizar\u00e1n en los meses de septiembre y octubre respectivamente, coincidiendo con el per\u00edodo de pago de guardias y horas extras. Las conversaciones contin\u00faan para determinar los detalles finales del bono compensatorio en el \u00e1mbito municipal.<\/p>\n","protected":false},"excerpt":{"rendered":"<p>Representantes sindicales y miembros del Ejecutivo de Cecilio Salazar se reunieron en la Municipalidad el pasado lunes para discutir el tema del bono compensatorio anunciado por el Ministro Sergio Massa. A nivel nacional, este bono est\u00e1 destinado a empleados estatales y trabajadores privados registrados con ingresos de hasta $400 mil mensuales. El bono consistir\u00e1 en [&hellip;]<\/p>\n","protected":false},"author":4,"featured_media":120673,"comment_status":"closed","ping_status":"closed","sticky":false,"template":"","format":"standard","meta":{"om_disable_all_campaigns":false,"_jetpack_memberships_contains_paid_content":false,"footnotes":""},"categories":[50,101,2],"tags":[],"class_list":["post-121860","post","type-post","status-publish","format-standard","has-post-thumbnail","hentry","category-destacadas","category-interes-general-locales","category-locales"],"aioseo_notices":[],"gutentor_comment":0,"jetpack_featured_media_url":"https:\/\/eldiariodesanpedro.com.ar\/sitio\/wp-content\/uploads\/2023\/07\/Imagen-de-WhatsApp-2023-07-21-a-las-16.03.32.jpg","jetpack_shortlink":"https:\/\/wp.me\/p6RhLt-vHu","jetpack_sharing_enabled":true,"_links":{"self":[{"href":"https:\/\/eldiariodesanpedro.com.ar\/sitio\/wp-json\/wp\/v2\/posts\/121860","targetHints":{"allow":["GET"]}}],"collection":[{"href":"https:\/\/eldiariodesanpedro.com.ar\/sitio\/wp-json\/wp\/v2\/posts"}],"about":[{"href":"https:\/\/eldiariodesanpedro.com.ar\/sitio\/wp-json\/wp\/v2\/types\/post"}],"author":[{"embeddable":true,"href":"https:\/\/eldiariodesanpedro.com.ar\/sitio\/wp-json\/wp\/v2\/users\/4"}],"replies":[{"embeddable":true,"href":"https:\/\/eldiariodesanpedro.com.ar\/sitio\/wp-json\/wp\/v2\/comments?post=121860"}],"version-history":[{"count":1,"href":"https:\/\/eldiariodesanpedro.com.ar\/sitio\/wp-json\/wp\/v2\/posts\/121860\/revisions"}],"predecessor-version":[{"id":121861,"href":"https:\/\/eldiariodesanpedro.com.ar\/sitio\/wp-json\/wp\/v2\/posts\/121860\/revisions\/121861"}],"wp:featuredmedia":[{"embeddable":true,"href":"https:\/\/eldiariodesanpedro.com.ar\/sitio\/wp-json\/wp\/v2\/media\/120673"}],"wp:attachment":[{"href":"https:\/\/eldiariodesanpedro.com.ar\/sitio\/wp-json\/wp\/v2\/media?parent=121860"}],"wp:term":[{"taxonomy":"category","embeddable":true,"href":"https:\/\/eldiariodesanpedro.com.ar\/sitio\/wp-json\/wp\/v2\/categories?post=121860"},{"taxonomy":"post_tag","embeddable":true,"href":"https:\/\/eldiariodesanpedro.com.ar\/sitio\/wp-json\/wp\/v2\/tags?post=121860"}],"curies":[{"name":"wp","href":"https:\/\/api.w.org\/{rel}","templated":true}]}}