{"id":121858,"date":"2023-08-31T13:00:29","date_gmt":"2023-08-31T16:00:29","guid":{"rendered":"https:\/\/eldiariodesanpedro.com.ar\/sitio\/?p=121858"},"modified":"2023-08-31T13:00:31","modified_gmt":"2023-08-31T16:00:31","slug":"ashira-tendra-contrato-hasta-fin-de-ano-por-el-servicio-de-higiene-urbana","status":"publish","type":"post","link":"https:\/\/eldiariodesanpedro.com.ar\/sitio\/ashira-tendra-contrato-hasta-fin-de-ano-por-el-servicio-de-higiene-urbana\/","title":{"rendered":"Ashira tendr\u00e1 contrato hasta fin de a\u00f1o por el servicio de higiene urbana"},"content":{"rendered":"<!-- VideographyWP Plugin Message: Automatic video embedding prevented by plugin options. -->\n\n<p><br>El Departamento Ejecutivo Municipal ha presentado al Concejo Deliberante un proyecto para ampliar el contrato de locaci\u00f3n del servicio de higiene urbana y recolecci\u00f3n de residuos con la empresa Ashira. El contrato actual se firm\u00f3 en 2017 y se extendi\u00f3 hasta el 30 de Junio de 2023. Ahora, los concejales revisar\u00e1n y muy probablemente aprobar\u00e1n una nueva pr\u00f3rroga que abarcar\u00e1 desde el 1\u00ba de Julio hasta el 31 de Diciembre de este a\u00f1o. Durante este lapso, se mantendr\u00e1n las mismas condiciones del contrato original, con ajustes y modificaciones incorporadas en la aprobaci\u00f3n anterior.<\/p>\n\n\n\n<p>En los fundamentos de la propuesta, las autoridades reconocen la necesidad de un nuevo llamado a Licitaci\u00f3n P\u00fablica para el Servicio de Barrido, Limpieza y Recolecci\u00f3n de Residuos Domiciliarios. Informan que el Departamento Ejecutivo est\u00e1 trabajando en un pliego licitatorio para la convocatoria, dado el aumento poblacional y la expansi\u00f3n en nuevos sectores de la ciudad. Este crecimiento requiere un an\u00e1lisis exhaustivo del servicio.<\/p>\n\n\n\n<p>Sin embargo, con el fin de proporcionar estabilidad tanto a la poblaci\u00f3n como a la empresa y garantizar la prestaci\u00f3n continua y eficaz del servicio, se propone una extensi\u00f3n a mediano plazo. La suspensi\u00f3n del servicio podr\u00eda causar inconvenientes significativos a los ciudadanos, por lo que esta extensi\u00f3n busca evitar interrupciones y brindar seguridad en el funcionamiento.<\/p>\n","protected":false},"excerpt":{"rendered":"<p>El Departamento Ejecutivo Municipal ha presentado al Concejo Deliberante un proyecto para ampliar el contrato de locaci\u00f3n del servicio de higiene urbana y recolecci\u00f3n de residuos con la empresa Ashira. El contrato actual se firm\u00f3 en 2017 y se extendi\u00f3 hasta el 30 de Junio de 2023. Ahora, los concejales revisar\u00e1n y muy probablemente aprobar\u00e1n [&hellip;]<\/p>\n","protected":false},"author":4,"featured_media":20869,"comment_status":"closed","ping_status":"closed","sticky":false,"template":"","format":"standard","meta":{"om_disable_all_campaigns":false,"_jetpack_memberships_contains_paid_content":false,"footnotes":""},"categories":[50,101,2],"tags":[197,696,33,19],"class_list":["post-121858","post","type-post","status-publish","format-standard","has-post-thumbnail","hentry","category-destacadas","category-interes-general-locales","category-locales","tag-buenos-aires","tag-interes-general","tag-locales","tag-san-pedro"],"aioseo_notices":[],"gutentor_comment":0,"jetpack_featured_media_url":"https:\/\/eldiariodesanpedro.com.ar\/sitio\/wp-content\/uploads\/2017\/07\/camion-ashira.jpg","jetpack_shortlink":"https:\/\/wp.me\/p6RhLt-vHs","jetpack_sharing_enabled":true,"_links":{"self":[{"href":"https:\/\/eldiariodesanpedro.com.ar\/sitio\/wp-json\/wp\/v2\/posts\/121858","targetHints":{"allow":["GET"]}}],"collection":[{"href":"https:\/\/eldiariodesanpedro.com.ar\/sitio\/wp-json\/wp\/v2\/posts"}],"about":[{"href":"https:\/\/eldiariodesanpedro.com.ar\/sitio\/wp-json\/wp\/v2\/types\/post"}],"author":[{"embeddable":true,"href":"https:\/\/eldiariodesanpedro.com.ar\/sitio\/wp-json\/wp\/v2\/users\/4"}],"replies":[{"embeddable":true,"href":"https:\/\/eldiariodesanpedro.com.ar\/sitio\/wp-json\/wp\/v2\/comments?post=121858"}],"version-history":[{"count":1,"href":"https:\/\/eldiariodesanpedro.com.ar\/sitio\/wp-json\/wp\/v2\/posts\/121858\/revisions"}],"predecessor-version":[{"id":121859,"href":"https:\/\/eldiariodesanpedro.com.ar\/sitio\/wp-json\/wp\/v2\/posts\/121858\/revisions\/121859"}],"wp:featuredmedia":[{"embeddable":true,"href":"https:\/\/eldiariodesanpedro.com.ar\/sitio\/wp-json\/wp\/v2\/media\/20869"}],"wp:attachment":[{"href":"https:\/\/eldiariodesanpedro.com.ar\/sitio\/wp-json\/wp\/v2\/media?parent=121858"}],"wp:term":[{"taxonomy":"category","embeddable":true,"href":"https:\/\/eldiariodesanpedro.com.ar\/sitio\/wp-json\/wp\/v2\/categories?post=121858"},{"taxonomy":"post_tag","embeddable":true,"href":"https:\/\/eldiariodesanpedro.com.ar\/sitio\/wp-json\/wp\/v2\/tags?post=121858"}],"curies":[{"name":"wp","href":"https:\/\/api.w.org\/{rel}","templated":true}]}}