{"id":121855,"date":"2023-08-31T12:49:44","date_gmt":"2023-08-31T15:49:44","guid":{"rendered":"https:\/\/eldiariodesanpedro.com.ar\/sitio\/?p=121855"},"modified":"2023-08-31T12:49:46","modified_gmt":"2023-08-31T15:49:46","slug":"empresario-baraderense-fue-asesinado-en-el-interior-de-su-casa","status":"publish","type":"post","link":"https:\/\/eldiariodesanpedro.com.ar\/sitio\/empresario-baraderense-fue-asesinado-en-el-interior-de-su-casa\/","title":{"rendered":"Empresario baraderense fue asesinado en el interior de su casa"},"content":{"rendered":"<!-- VideographyWP Plugin Message: Automatic video embedding prevented by plugin options. -->\n\n<p>Gustavo Desimone estaba atado y con un tiro en el om\u00f3plato. Fue encontrado en su casa donde fue sorprendido por una o m\u00e1s personas.<\/p>\n\n\n\n<p>Un empresario de 51 a\u00f1os identificado como Gustavo Desimone fue asesinado en su casa ubicada en inmediaciones de Colonia Suiza.<\/p>\n\n\n\n<p>La v\u00edctima se dedicaba al rubro de la carne y transporte, y ten\u00eda v\u00ednculo directo con distintos comercios de nuestra ciudad a quien abastec\u00eda a diario. Tambi\u00e9n su pasi\u00f3n por los karting lo llev\u00f3 a mantener ciertos lazos de amistad con algunos pilotos de nuestra ciudad.<\/p>\n\n\n\n<p>Desimone fue encontrado sin vida en la ma\u00f1ana del mi\u00e9rcoles en su propiedad, en una zona de casa quintas, estaba en la cama, atado y ten\u00eda un tiro en el om\u00f3plato.<\/p>\n\n\n\n<p>Se estima que el hecho se registr\u00f3 entre la noche y madrugada y qui\u00e9nes hayan participado del asesinato habr\u00edan ingresado a la casa sin violencia, por eso la sospecha de que se conoc\u00edan con el empresario.<\/p>\n\n\n\n<p>La policia trabaja en busca de pruebas y la investigaci\u00f3n recay\u00f3 en la fiscal\u00eda del doctor Vicente G\u00f3mez.<\/p>\n","protected":false},"excerpt":{"rendered":"<p>Gustavo Desimone estaba atado y con un tiro en el om\u00f3plato. Fue encontrado en su casa donde fue sorprendido por una o m\u00e1s personas. Un empresario de 51 a\u00f1os identificado como Gustavo Desimone fue asesinado en su casa ubicada en inmediaciones de Colonia Suiza. La v\u00edctima se dedicaba al rubro de la carne y transporte, [&hellip;]<\/p>\n","protected":false},"author":4,"featured_media":121856,"comment_status":"closed","ping_status":"closed","sticky":false,"template":"","format":"standard","meta":{"om_disable_all_campaigns":false,"_jetpack_memberships_contains_paid_content":false,"footnotes":""},"categories":[50,101,2],"tags":[197,696,33,19],"class_list":["post-121855","post","type-post","status-publish","format-standard","has-post-thumbnail","hentry","category-destacadas","category-interes-general-locales","category-locales","tag-buenos-aires","tag-interes-general","tag-locales","tag-san-pedro"],"aioseo_notices":[],"gutentor_comment":0,"jetpack_featured_media_url":"https:\/\/eldiariodesanpedro.com.ar\/sitio\/wp-content\/uploads\/2023\/08\/0000022146-resized-1920x1080-1.jpg","jetpack_shortlink":"https:\/\/wp.me\/p6RhLt-vHp","jetpack_sharing_enabled":true,"_links":{"self":[{"href":"https:\/\/eldiariodesanpedro.com.ar\/sitio\/wp-json\/wp\/v2\/posts\/121855","targetHints":{"allow":["GET"]}}],"collection":[{"href":"https:\/\/eldiariodesanpedro.com.ar\/sitio\/wp-json\/wp\/v2\/posts"}],"about":[{"href":"https:\/\/eldiariodesanpedro.com.ar\/sitio\/wp-json\/wp\/v2\/types\/post"}],"author":[{"embeddable":true,"href":"https:\/\/eldiariodesanpedro.com.ar\/sitio\/wp-json\/wp\/v2\/users\/4"}],"replies":[{"embeddable":true,"href":"https:\/\/eldiariodesanpedro.com.ar\/sitio\/wp-json\/wp\/v2\/comments?post=121855"}],"version-history":[{"count":1,"href":"https:\/\/eldiariodesanpedro.com.ar\/sitio\/wp-json\/wp\/v2\/posts\/121855\/revisions"}],"predecessor-version":[{"id":121857,"href":"https:\/\/eldiariodesanpedro.com.ar\/sitio\/wp-json\/wp\/v2\/posts\/121855\/revisions\/121857"}],"wp:featuredmedia":[{"embeddable":true,"href":"https:\/\/eldiariodesanpedro.com.ar\/sitio\/wp-json\/wp\/v2\/media\/121856"}],"wp:attachment":[{"href":"https:\/\/eldiariodesanpedro.com.ar\/sitio\/wp-json\/wp\/v2\/media?parent=121855"}],"wp:term":[{"taxonomy":"category","embeddable":true,"href":"https:\/\/eldiariodesanpedro.com.ar\/sitio\/wp-json\/wp\/v2\/categories?post=121855"},{"taxonomy":"post_tag","embeddable":true,"href":"https:\/\/eldiariodesanpedro.com.ar\/sitio\/wp-json\/wp\/v2\/tags?post=121855"}],"curies":[{"name":"wp","href":"https:\/\/api.w.org\/{rel}","templated":true}]}}