{"id":121853,"date":"2023-08-31T12:42:27","date_gmt":"2023-08-31T15:42:27","guid":{"rendered":"https:\/\/eldiariodesanpedro.com.ar\/sitio\/?p=121853"},"modified":"2023-08-31T12:42:29","modified_gmt":"2023-08-31T15:42:29","slug":"corte-en-un-cable-de-energia-provoco-que-varios-de-los-sectores-de-la-ciudad-se-queden-sin-luz","status":"publish","type":"post","link":"https:\/\/eldiariodesanpedro.com.ar\/sitio\/corte-en-un-cable-de-energia-provoco-que-varios-de-los-sectores-de-la-ciudad-se-queden-sin-luz\/","title":{"rendered":"Corte en un cable de energ\u00eda provoc\u00f3 que varios de los sectores de la ciudad se queden sin luz"},"content":{"rendered":"<!-- VideographyWP Plugin Message: Automatic video embedding prevented by plugin options. -->\n\n<p>COOPSER inform\u00f3 que el corte del suministro el\u00e9ctrico en un sector de la ciudad esta ma\u00f1ana obedece a la salida del Alimentador 1 por el corte en un cable en Almafuerte y Berutti.&nbsp;<\/p>\n\n\n\n<p>La zona afectada incluy\u00f3 los barrios Los Aromos, Villa Igoillo, 104 Viviendas y el sector comprendido por las calles Lucio Mansilla, Bottaro, La Laguna, Juan Ismael Gim\u00e9nez, Petrona Simonino, 11 de Septiembre, Fray Cayetano Rodr\u00edguez y Sargento Selada.&nbsp;<\/p>\n\n\n\n<p><ins><\/ins>Equipos de la cooperativa trabajaron en la reparaci\u00f3n que permiti\u00f3 restituir el suministro a lo largo de la ma\u00f1ana.&nbsp;<\/p>\n","protected":false},"excerpt":{"rendered":"<p>COOPSER inform\u00f3 que el corte del suministro el\u00e9ctrico en un sector de la ciudad esta ma\u00f1ana obedece a la salida del Alimentador 1 por el corte en un cable en Almafuerte y Berutti.&nbsp; La zona afectada incluy\u00f3 los barrios Los Aromos, Villa Igoillo, 104 Viviendas y el sector comprendido por las calles Lucio Mansilla, Bottaro, [&hellip;]<\/p>\n","protected":false},"author":4,"featured_media":86002,"comment_status":"closed","ping_status":"closed","sticky":false,"template":"","format":"standard","meta":{"om_disable_all_campaigns":false,"_jetpack_memberships_contains_paid_content":false,"footnotes":""},"categories":[50,101,2],"tags":[],"class_list":["post-121853","post","type-post","status-publish","format-standard","has-post-thumbnail","hentry","category-destacadas","category-interes-general-locales","category-locales"],"aioseo_notices":[],"gutentor_comment":0,"jetpack_featured_media_url":"https:\/\/eldiariodesanpedro.com.ar\/sitio\/wp-content\/uploads\/2021\/01\/coopser_6.jpg","jetpack_shortlink":"https:\/\/wp.me\/p6RhLt-vHn","jetpack_sharing_enabled":true,"_links":{"self":[{"href":"https:\/\/eldiariodesanpedro.com.ar\/sitio\/wp-json\/wp\/v2\/posts\/121853","targetHints":{"allow":["GET"]}}],"collection":[{"href":"https:\/\/eldiariodesanpedro.com.ar\/sitio\/wp-json\/wp\/v2\/posts"}],"about":[{"href":"https:\/\/eldiariodesanpedro.com.ar\/sitio\/wp-json\/wp\/v2\/types\/post"}],"author":[{"embeddable":true,"href":"https:\/\/eldiariodesanpedro.com.ar\/sitio\/wp-json\/wp\/v2\/users\/4"}],"replies":[{"embeddable":true,"href":"https:\/\/eldiariodesanpedro.com.ar\/sitio\/wp-json\/wp\/v2\/comments?post=121853"}],"version-history":[{"count":1,"href":"https:\/\/eldiariodesanpedro.com.ar\/sitio\/wp-json\/wp\/v2\/posts\/121853\/revisions"}],"predecessor-version":[{"id":121854,"href":"https:\/\/eldiariodesanpedro.com.ar\/sitio\/wp-json\/wp\/v2\/posts\/121853\/revisions\/121854"}],"wp:featuredmedia":[{"embeddable":true,"href":"https:\/\/eldiariodesanpedro.com.ar\/sitio\/wp-json\/wp\/v2\/media\/86002"}],"wp:attachment":[{"href":"https:\/\/eldiariodesanpedro.com.ar\/sitio\/wp-json\/wp\/v2\/media?parent=121853"}],"wp:term":[{"taxonomy":"category","embeddable":true,"href":"https:\/\/eldiariodesanpedro.com.ar\/sitio\/wp-json\/wp\/v2\/categories?post=121853"},{"taxonomy":"post_tag","embeddable":true,"href":"https:\/\/eldiariodesanpedro.com.ar\/sitio\/wp-json\/wp\/v2\/tags?post=121853"}],"curies":[{"name":"wp","href":"https:\/\/api.w.org\/{rel}","templated":true}]}}