{"id":121827,"date":"2023-08-31T10:26:35","date_gmt":"2023-08-31T13:26:35","guid":{"rendered":"https:\/\/eldiariodesanpedro.com.ar\/sitio\/?p=121827"},"modified":"2023-08-31T10:26:37","modified_gmt":"2023-08-31T13:26:37","slug":"jornada-de-concientizacion-sobre-salud-bucal-en-la-escuela-7","status":"publish","type":"post","link":"https:\/\/eldiariodesanpedro.com.ar\/sitio\/jornada-de-concientizacion-sobre-salud-bucal-en-la-escuela-7\/","title":{"rendered":"Jornada de concientizaci\u00f3n sobre salud bucal en la Escuela 7"},"content":{"rendered":"<!-- VideographyWP Plugin Message: Automatic video embedding prevented by plugin options. -->\n\n<p>La Secretar\u00eda de Salud de la Municipalidad de San Pedro llev\u00f3 a cabo una jornada de concientizaci\u00f3n sobre salud bucal en la Escuela 7. El evento estuvo destinado a los ni\u00f1os y ni\u00f1as de 7 y 8 a\u00f1os que asisten a la instituci\u00f3n educativa, y fue dirigido por profesionales del equipo de la Secretar\u00eda de Salud.<\/p>\n\n\n\n<p>La actividad tuvo lugar con el objetivo de educar y sensibilizar a los m\u00e1s j\u00f3venes acerca de la importancia de mantener una adecuada salud bucodental. Durante la jornada, los expertos compartieron informaci\u00f3n sobre h\u00e1bitos de higiene oral y cuidado dental apropiado, utilizando m\u00e9todos did\u00e1cticos y l\u00fadicos para captar la atenci\u00f3n de los ni\u00f1os como la realizaci\u00f3n de una versi\u00f3n \u00absaludable\u00bb del juego de la oca, dise\u00f1ado espec\u00edficamente para reforzar los conocimientos adquiridos durante la charla.<\/p>\n\n\n\n<p>Adem\u00e1s, se brindaron explicaciones detalladas sobre la correcta t\u00e9cnica de cepillado dental y se distribuyeron cepillos de dientes junto con material informativo a todos los ni\u00f1os y ni\u00f1as que participaron\u00a0en\u00a0el\u00a0evento.<\/p>\n\n\n\n<figure class=\"wp-block-image size-full\"><img decoding=\"async\" width=\"284\" height=\"630\" data-attachment-id=\"121829\" data-permalink=\"https:\/\/eldiariodesanpedro.com.ar\/sitio\/jornada-de-concientizacion-sobre-salud-bucal-en-la-escuela-7\/imagen-de-whatsapp-2023-08-31-a-las-09-07-581\/\" data-orig-file=\"https:\/\/eldiariodesanpedro.com.ar\/sitio\/wp-content\/uploads\/2023\/08\/Imagen-de-WhatsApp-2023-08-31-a-las-09.07.581.jpg\" data-orig-size=\"284,630\" data-comments-opened=\"0\" data-image-meta=\"{&quot;aperture&quot;:&quot;0&quot;,&quot;credit&quot;:&quot;&quot;,&quot;camera&quot;:&quot;&quot;,&quot;caption&quot;:&quot;&quot;,&quot;created_timestamp&quot;:&quot;0&quot;,&quot;copyright&quot;:&quot;&quot;,&quot;focal_length&quot;:&quot;0&quot;,&quot;iso&quot;:&quot;0&quot;,&quot;shutter_speed&quot;:&quot;0&quot;,&quot;title&quot;:&quot;&quot;,&quot;orientation&quot;:&quot;0&quot;}\" data-image-title=\"Imagen de WhatsApp 2023-08-31 a las 09.07.581\" data-image-description=\"\" data-image-caption=\"\" data-large-file=\"https:\/\/eldiariodesanpedro.com.ar\/sitio\/wp-content\/uploads\/2023\/08\/Imagen-de-WhatsApp-2023-08-31-a-las-09.07.581.jpg\" data-src=\"https:\/\/eldiariodesanpedro.com.ar\/sitio\/wp-content\/uploads\/2023\/08\/Imagen-de-WhatsApp-2023-08-31-a-las-09.07.581.jpg\" alt=\"\" class=\"wp-image-121829 lazyload\" data-srcset=\"https:\/\/eldiariodesanpedro.com.ar\/sitio\/wp-content\/uploads\/2023\/08\/Imagen-de-WhatsApp-2023-08-31-a-las-09.07.581.jpg 284w, https:\/\/eldiariodesanpedro.com.ar\/sitio\/wp-content\/uploads\/2023\/08\/Imagen-de-WhatsApp-2023-08-31-a-las-09.07.581-135x300.jpg 135w\" data-sizes=\"(max-width: 284px) 100vw, 284px\" src=\"data:image\/svg+xml;base64,PHN2ZyB3aWR0aD0iMSIgaGVpZ2h0PSIxIiB4bWxucz0iaHR0cDovL3d3dy53My5vcmcvMjAwMC9zdmciPjwvc3ZnPg==\" style=\"--smush-placeholder-width: 284px; --smush-placeholder-aspect-ratio: 284\/630;\" \/><\/figure>\n","protected":false},"excerpt":{"rendered":"<p>La Secretar\u00eda de Salud de la Municipalidad de San Pedro llev\u00f3 a cabo una jornada de concientizaci\u00f3n sobre salud bucal en la Escuela 7. El evento estuvo destinado a los ni\u00f1os y ni\u00f1as de 7 y 8 a\u00f1os que asisten a la instituci\u00f3n educativa, y fue dirigido por profesionales del equipo de la Secretar\u00eda de [&hellip;]<\/p>\n","protected":false},"author":4,"featured_media":121828,"comment_status":"closed","ping_status":"closed","sticky":false,"template":"","format":"standard","meta":{"om_disable_all_campaigns":false,"_jetpack_memberships_contains_paid_content":false,"footnotes":""},"categories":[50,101,2],"tags":[],"class_list":["post-121827","post","type-post","status-publish","format-standard","has-post-thumbnail","hentry","category-destacadas","category-interes-general-locales","category-locales"],"aioseo_notices":[],"gutentor_comment":0,"jetpack_featured_media_url":"https:\/\/eldiariodesanpedro.com.ar\/sitio\/wp-content\/uploads\/2023\/08\/Imagen-de-WhatsApp-2023-08-31-a-las-09.07.58.jpg","jetpack_shortlink":"https:\/\/wp.me\/p6RhLt-vGX","jetpack_sharing_enabled":true,"_links":{"self":[{"href":"https:\/\/eldiariodesanpedro.com.ar\/sitio\/wp-json\/wp\/v2\/posts\/121827","targetHints":{"allow":["GET"]}}],"collection":[{"href":"https:\/\/eldiariodesanpedro.com.ar\/sitio\/wp-json\/wp\/v2\/posts"}],"about":[{"href":"https:\/\/eldiariodesanpedro.com.ar\/sitio\/wp-json\/wp\/v2\/types\/post"}],"author":[{"embeddable":true,"href":"https:\/\/eldiariodesanpedro.com.ar\/sitio\/wp-json\/wp\/v2\/users\/4"}],"replies":[{"embeddable":true,"href":"https:\/\/eldiariodesanpedro.com.ar\/sitio\/wp-json\/wp\/v2\/comments?post=121827"}],"version-history":[{"count":1,"href":"https:\/\/eldiariodesanpedro.com.ar\/sitio\/wp-json\/wp\/v2\/posts\/121827\/revisions"}],"predecessor-version":[{"id":121830,"href":"https:\/\/eldiariodesanpedro.com.ar\/sitio\/wp-json\/wp\/v2\/posts\/121827\/revisions\/121830"}],"wp:featuredmedia":[{"embeddable":true,"href":"https:\/\/eldiariodesanpedro.com.ar\/sitio\/wp-json\/wp\/v2\/media\/121828"}],"wp:attachment":[{"href":"https:\/\/eldiariodesanpedro.com.ar\/sitio\/wp-json\/wp\/v2\/media?parent=121827"}],"wp:term":[{"taxonomy":"category","embeddable":true,"href":"https:\/\/eldiariodesanpedro.com.ar\/sitio\/wp-json\/wp\/v2\/categories?post=121827"},{"taxonomy":"post_tag","embeddable":true,"href":"https:\/\/eldiariodesanpedro.com.ar\/sitio\/wp-json\/wp\/v2\/tags?post=121827"}],"curies":[{"name":"wp","href":"https:\/\/api.w.org\/{rel}","templated":true}]}}