{"id":121825,"date":"2023-08-31T10:20:22","date_gmt":"2023-08-31T13:20:22","guid":{"rendered":"https:\/\/eldiariodesanpedro.com.ar\/sitio\/?p=121825"},"modified":"2023-08-31T10:20:23","modified_gmt":"2023-08-31T13:20:23","slug":"cronograma-de-pagos-de-anses-para-el-mes-de-septiembre","status":"publish","type":"post","link":"https:\/\/eldiariodesanpedro.com.ar\/sitio\/cronograma-de-pagos-de-anses-para-el-mes-de-septiembre\/","title":{"rendered":"Cronograma de pagos de Anses para el mes de septiembre"},"content":{"rendered":"<!-- VideographyWP Plugin Message: Automatic video embedding prevented by plugin options. -->\n\n<p>ANSES comunica los calendarios de pagos de septiembre para jubiladas, jubilados, pensionadas, pensionados, Pensiones No Contributivas y titulares de la Asignaci\u00f3n Universal por Hijo, Asignaci\u00f3n por Embarazo, Asignaciones Familiares, de Pago \u00danico (Matrimonio, Nacimiento y Adopci\u00f3n) y Prestaci\u00f3n por Desempleo.<br>Adem\u00e1s, el organismo recuerda que, desde ma\u00f1ana, las jubilaciones, pensiones y asignaciones se cobrar\u00e1n con el aumento del 23,29 por ciento por la Ley de Movilidad.<br>En tanto, todos los jubilados y pensionados que perciben el haber m\u00ednimo recibir\u00e1n la primera cuota del refuerzo de 37 mil pesos (la segunda en octubre y la tercera en noviembre por el mismo monto), por lo que ninguno de ellos cobrar\u00e1 menos de 124.460 pesos.<\/p>\n\n\n\n<p>Jubilaciones y pensiones que no superen un haber m\u00ednimo<br>\u00b7 DNI terminados en 0: 8 de septiembre<br>\u00b7 DNI terminados en 1: 11 de septiembre<br>\u00b7 DNI terminados en 2: 12 de septiembre<br>\u00b7 DNI terminados en 3: 13 de septiembre<br>\u00b7 DNI terminados en 4: 14 de septiembre<br>\u00b7 DNI terminados en 5: 15 de septiembre<br>\u00b7 DNI terminados en 6: 18 de septiembre<br>\u00b7 DNI terminados en 7: 19 de septiembre<br>\u00b7 DNI terminados en 8: 20 de septiembre<br>\u00b7 DNI terminados en 9: 21 de septiembre<\/p>\n\n\n\n<p>Jubilaciones y pensiones que superen un haber m\u00ednimo<br>\u00b7 DNI terminados en 0 y 1: 22 de septiembre<br>\u00b7 DNI terminados en 2 y 3: 25 de septiembre<br>\u00b7 DNI terminados en 4 y 5: 26 de septiembre<br>\u00b7 DNI terminados en 6 y 7: 27 de septiembre<br>\u00b7 DNI terminados en 8 y 9: 28 de septiembre<\/p>\n\n\n\n<p>Asignaci\u00f3n Universal por Hijo y Asignaci\u00f3n Familiar por Hijo<br>\u00b7 DNI terminados en 0: 8 de septiembre<br>\u00b7 DNI terminados en 1: 11 de septiembre<br>\u00b7 DNI terminados en 2: 12 de septiembre<br>\u00b7 DNI terminados en 3: 13 de septiembre<br>\u00b7 DNI terminados en 4: 14 de septiembre<br>\u00b7 DNI terminados en 5: 15 de septiembre<br>\u00b7 DNI terminados en 6: 18 de septiembre<br>\u00b7 DNI terminados en 7: 19 de septiembre<br>\u00b7 DNI terminados en 8: 20 de septiembre<br>\u00b7 DNI terminados en 9: 21 de septiembre<\/p>\n\n\n\n<p>Asignaci\u00f3n por Embarazo<br>\u00b7 DNI terminados en 0: 11 de septiembre<br>\u00b7 DNI terminados en 1: 12 de septiembre<br>\u00b7 DNI terminados en 2: 13 de septiembre<br>\u00b7 DNI terminados en 3: 14 de septiembre<br>\u00b7 DNI terminados en 4: 15 de septiembre<br>\u00b7 DNI terminados en 5: 18 de septiembre<br>\u00b7 DNI terminados en 6: 19 de septiembre<br>\u00b7 DNI terminados en 7: 20 de septiembre<br>\u00b7 DNI terminados en 8: 21 de septiembre<br>\u00b7 DNI terminados en 9: 22 de septiembre<\/p>\n\n\n\n<p>Asignaci\u00f3n por Prenatal y Maternidad<br>\u00b7 DNI terminados en 0 y 1: 12 de septiembre<br>\u00b7 DNI terminados en 2 y 3: 13 de septiembre<br>\u00b7 DNI terminados en 4 y 5: 14 de septiembre<br>\u00b7 DNI terminados en 6 y 7: 15 de septiembre<br>\u00b7 DNI terminados en 8 y 9: 18 de septiembre<\/p>\n\n\n\n<p>Asignaciones Pago \u00danico<br>\u00b7 Todas las terminaciones de documentos: 6 de septiembre al 10 de octubre<\/p>\n\n\n\n<p>Pensiones No Contributivas<br>\u00b7 DNI terminados en 0 y 1: 1 de septiembre<br>\u00b7 DNI terminados en 2 y 3: 4 de septiembre<br>\u00b7 DNI terminados en 4 y 5: 5 de septiembre<br>\u00b7 DNI terminados en 6 y 7: 6 de septiembre<br>\u00b7 DNI terminados en 8 y 9: 7 de septiembre<\/p>\n\n\n\n<p>Asignaciones Familiares de Pensiones No Contributivas<br>\u00b7 Todas las terminaciones de documentos: 8 de septiembre al 10 de octubre<\/p>\n\n\n\n<p>Desempleo<br>\u00b7 DNI terminados en 0 y 1: 21 de septiembre<br>\u00b7 DNI terminados en 2 y 3: 22 de septiembre<br>\u00b7 DNI terminados en 4 y 5: 25 de septiembre<br>\u00b7 DNI terminados en 6 y 7: 26 de septiembre<br>\u00b7 DNI terminados en 8 y 9: 27 de septiembre<\/p>\n","protected":false},"excerpt":{"rendered":"<p>ANSES comunica los calendarios de pagos de septiembre para jubiladas, jubilados, pensionadas, pensionados, Pensiones No Contributivas y titulares de la Asignaci\u00f3n Universal por Hijo, Asignaci\u00f3n por Embarazo, Asignaciones Familiares, de Pago \u00danico (Matrimonio, Nacimiento y Adopci\u00f3n) y Prestaci\u00f3n por Desempleo.Adem\u00e1s, el organismo recuerda que, desde ma\u00f1ana, las jubilaciones, pensiones y asignaciones se cobrar\u00e1n con el [&hellip;]<\/p>\n","protected":false},"author":4,"featured_media":111293,"comment_status":"closed","ping_status":"closed","sticky":false,"template":"","format":"standard","meta":{"om_disable_all_campaigns":false,"_jetpack_memberships_contains_paid_content":false,"footnotes":""},"categories":[101,2],"tags":[197,696,33,19],"class_list":["post-121825","post","type-post","status-publish","format-standard","has-post-thumbnail","hentry","category-interes-general-locales","category-locales","tag-buenos-aires","tag-interes-general","tag-locales","tag-san-pedro"],"aioseo_notices":[],"gutentor_comment":0,"jetpack_featured_media_url":"https:\/\/eldiariodesanpedro.com.ar\/sitio\/wp-content\/uploads\/2022\/10\/anses.png","jetpack_shortlink":"https:\/\/wp.me\/p6RhLt-vGV","jetpack_sharing_enabled":true,"_links":{"self":[{"href":"https:\/\/eldiariodesanpedro.com.ar\/sitio\/wp-json\/wp\/v2\/posts\/121825","targetHints":{"allow":["GET"]}}],"collection":[{"href":"https:\/\/eldiariodesanpedro.com.ar\/sitio\/wp-json\/wp\/v2\/posts"}],"about":[{"href":"https:\/\/eldiariodesanpedro.com.ar\/sitio\/wp-json\/wp\/v2\/types\/post"}],"author":[{"embeddable":true,"href":"https:\/\/eldiariodesanpedro.com.ar\/sitio\/wp-json\/wp\/v2\/users\/4"}],"replies":[{"embeddable":true,"href":"https:\/\/eldiariodesanpedro.com.ar\/sitio\/wp-json\/wp\/v2\/comments?post=121825"}],"version-history":[{"count":1,"href":"https:\/\/eldiariodesanpedro.com.ar\/sitio\/wp-json\/wp\/v2\/posts\/121825\/revisions"}],"predecessor-version":[{"id":121826,"href":"https:\/\/eldiariodesanpedro.com.ar\/sitio\/wp-json\/wp\/v2\/posts\/121825\/revisions\/121826"}],"wp:featuredmedia":[{"embeddable":true,"href":"https:\/\/eldiariodesanpedro.com.ar\/sitio\/wp-json\/wp\/v2\/media\/111293"}],"wp:attachment":[{"href":"https:\/\/eldiariodesanpedro.com.ar\/sitio\/wp-json\/wp\/v2\/media?parent=121825"}],"wp:term":[{"taxonomy":"category","embeddable":true,"href":"https:\/\/eldiariodesanpedro.com.ar\/sitio\/wp-json\/wp\/v2\/categories?post=121825"},{"taxonomy":"post_tag","embeddable":true,"href":"https:\/\/eldiariodesanpedro.com.ar\/sitio\/wp-json\/wp\/v2\/tags?post=121825"}],"curies":[{"name":"wp","href":"https:\/\/api.w.org\/{rel}","templated":true}]}}