{"id":121812,"date":"2023-08-30T19:15:55","date_gmt":"2023-08-30T22:15:55","guid":{"rendered":"https:\/\/eldiariodesanpedro.com.ar\/sitio\/?p=121812"},"modified":"2023-08-30T19:15:57","modified_gmt":"2023-08-30T22:15:57","slug":"san-pedro-y-su-adhesion-al-programa-nacional-de-ordenamiento-ambiental-del-territorio","status":"publish","type":"post","link":"https:\/\/eldiariodesanpedro.com.ar\/sitio\/san-pedro-y-su-adhesion-al-programa-nacional-de-ordenamiento-ambiental-del-territorio\/","title":{"rendered":"San Pedro y su adhesi\u00f3n al programa Nacional de Ordenamiento Ambiental del Territorio"},"content":{"rendered":"<!-- VideographyWP Plugin Message: Automatic video embedding prevented by plugin options. -->\n\n<p>A trav\u00e9s de la gesti\u00f3n del Intendente Municipal Cecilio Salazar ante el Ministerio de Ambiente de la Naci\u00f3n y la adhesi\u00f3n del Municipio al Programa de Ordenamiento Ambiental del Territorio \u201cIncorporaci\u00f3n de la conservaci\u00f3n de la biodiversidad y el manejo sostenible de las tierras en la planificaci\u00f3n del desarrollo\u201d se present\u00f3 este mi\u00e9rcoles en el Sal\u00f3n Dorado del Honorable Concejo Deliberante el libro \u00abEl corredor de biodiversidad del delta del Paran\u00e1\u00bb elaborado por la Fundaci\u00f3n Humedales\/Wetland en el marco del programa \u00abCorredor Azul\u00bb.<\/p>\n\n\n\n<p>La actividad cont\u00f3 con la presencia de Guido Veneziale, Director Nacional de Ordenamiento Ambiental del Territorio, dependiente del Ministerio de Ambiente de Naci\u00f3n y el Guardaparque Nacional, Mariano Tortarolo (Administraci\u00f3n de Parques Nacionales APN), quienes fueron recibidos por el Intendente Municipal, Cecilio Salazar en el despacho oficial junto al Secretario de Gobierno Mart\u00edn Baraybar y el Director de Ambiente, Gustavo Sol\u00e1.<\/p>\n\n\n\n<p>La presentaci\u00f3n del Libro, estuvo a cargo del equipo t\u00e9cnico de la Fundaci\u00f3n Humedales, Nadia Boscarol, Coordinadora de Pol\u00edtica del programa Corredor Azul y uno de los autores de este documento t\u00e9cnico, Sebastian Preliasco, que recorre las caracter\u00edsticas de este programa dise\u00f1ado para \u00abpreservar la salud y la conectividad del sistema de humedales Paran\u00e1-Paraguay\u00bb y la participaci\u00f3n de las diferentes comunidades comprendidas en la tarea para generar acciones orientadas a una conservaci\u00f3n m\u00e1s amplia.<\/p>\n\n\n\n<p>Luego de la apertura de la actividad, las autoridades presentes junto al equipo de la Direcci\u00f3n de Ambiente visitaron la Reserva Natural, Hist\u00f3rica y Refugio de Vida Silvestre Municipal Vuelta de Obligado, para realizar un relevamiento de campo en el marco de la adhesi\u00f3n del Municipio al Programa de Reservas Urbanas que lleva adelante la Administraci\u00f3n de Parques Nacionales, a la cual San Pedro se adhiri\u00f3 recientemente y de la inversi\u00f3n en infraestructura que el programa de OAT va a realizar en el marco del fortalecimiento de las Reservas Municipales en nuestro Municipio, por un monto de m\u00e1s de 47 millones de pesos seg\u00fan lo anunciara el Director Nacional Guido Veneziale.<\/p>\n\n\n\n<p>Poder ser parte como municipio de este programa nos permitir\u00e1 comenzar a trabajar con el objetivo de construir mecanismos de gobernanza e instrumentos t\u00e9cnicos, econ\u00f3micos y financieros para el ordenamiento ambiental del territorio y generar beneficios para la biodiversidad mediante el desarrollo de pol\u00edticas concretas. San Pedro a trav\u00e9s de las gestiones del Intendente Municipal Cecilio Salazar ante el Gobierno Nacional, en este caso el Ministerio de Ambiente de Naci\u00f3n, que ha tomado como pol\u00edtica de estado el fortalecimiento de los Gobiernos Locales, se viene fortaleciendo en el camino a la construcci\u00f3n de una Pol\u00edtica P\u00fablica Ambiental que tiene por delante enormes\u00a0desaf\u00edos.<\/p>\n\n\n\n<figure class=\"wp-block-image size-full is-resized\"><img decoding=\"async\" data-attachment-id=\"121814\" data-permalink=\"https:\/\/eldiariodesanpedro.com.ar\/sitio\/san-pedro-y-su-adhesion-al-programa-nacional-de-ordenamiento-ambiental-del-territorio\/imagen-de-whatsapp-2023-08-30-a-las-16-54-17\/\" data-orig-file=\"https:\/\/eldiariodesanpedro.com.ar\/sitio\/wp-content\/uploads\/2023\/08\/Imagen-de-WhatsApp-2023-08-30-a-las-16.54.17.jpg\" data-orig-size=\"946,630\" data-comments-opened=\"0\" data-image-meta=\"{&quot;aperture&quot;:&quot;0&quot;,&quot;credit&quot;:&quot;&quot;,&quot;camera&quot;:&quot;&quot;,&quot;caption&quot;:&quot;&quot;,&quot;created_timestamp&quot;:&quot;0&quot;,&quot;copyright&quot;:&quot;&quot;,&quot;focal_length&quot;:&quot;0&quot;,&quot;iso&quot;:&quot;0&quot;,&quot;shutter_speed&quot;:&quot;0&quot;,&quot;title&quot;:&quot;&quot;,&quot;orientation&quot;:&quot;0&quot;}\" data-image-title=\"Imagen de WhatsApp 2023-08-30 a las 16.54.17\" data-image-description=\"\" data-image-caption=\"\" data-large-file=\"https:\/\/eldiariodesanpedro.com.ar\/sitio\/wp-content\/uploads\/2023\/08\/Imagen-de-WhatsApp-2023-08-30-a-las-16.54.17.jpg\" data-src=\"https:\/\/eldiariodesanpedro.com.ar\/sitio\/wp-content\/uploads\/2023\/08\/Imagen-de-WhatsApp-2023-08-30-a-las-16.54.17.jpg\" alt=\"\" class=\"wp-image-121814 lazyload\" width=\"840\" height=\"559\" data-srcset=\"https:\/\/eldiariodesanpedro.com.ar\/sitio\/wp-content\/uploads\/2023\/08\/Imagen-de-WhatsApp-2023-08-30-a-las-16.54.17.jpg 946w, https:\/\/eldiariodesanpedro.com.ar\/sitio\/wp-content\/uploads\/2023\/08\/Imagen-de-WhatsApp-2023-08-30-a-las-16.54.17-300x200.jpg 300w, https:\/\/eldiariodesanpedro.com.ar\/sitio\/wp-content\/uploads\/2023\/08\/Imagen-de-WhatsApp-2023-08-30-a-las-16.54.17-768x511.jpg 768w\" data-sizes=\"(max-width: 840px) 100vw, 840px\" src=\"data:image\/svg+xml;base64,PHN2ZyB3aWR0aD0iMSIgaGVpZ2h0PSIxIiB4bWxucz0iaHR0cDovL3d3dy53My5vcmcvMjAwMC9zdmciPjwvc3ZnPg==\" style=\"--smush-placeholder-width: 840px; --smush-placeholder-aspect-ratio: 840\/559;\" \/><\/figure>\n\n\n\n<figure class=\"wp-block-image size-large\"><img decoding=\"async\" width=\"1024\" height=\"539\" data-attachment-id=\"121816\" data-permalink=\"https:\/\/eldiariodesanpedro.com.ar\/sitio\/san-pedro-y-su-adhesion-al-programa-nacional-de-ordenamiento-ambiental-del-territorio\/imagen-de-whatsapp-2023-08-30-a-las-16-54-21\/\" data-orig-file=\"https:\/\/eldiariodesanpedro.com.ar\/sitio\/wp-content\/uploads\/2023\/08\/Imagen-de-WhatsApp-2023-08-30-a-las-16.54.21.jpg\" data-orig-size=\"1197,630\" data-comments-opened=\"0\" data-image-meta=\"{&quot;aperture&quot;:&quot;0&quot;,&quot;credit&quot;:&quot;&quot;,&quot;camera&quot;:&quot;&quot;,&quot;caption&quot;:&quot;&quot;,&quot;created_timestamp&quot;:&quot;0&quot;,&quot;copyright&quot;:&quot;&quot;,&quot;focal_length&quot;:&quot;0&quot;,&quot;iso&quot;:&quot;0&quot;,&quot;shutter_speed&quot;:&quot;0&quot;,&quot;title&quot;:&quot;&quot;,&quot;orientation&quot;:&quot;0&quot;}\" data-image-title=\"Imagen de WhatsApp 2023-08-30 a las 16.54.21\" data-image-description=\"\" data-image-caption=\"\" data-large-file=\"https:\/\/eldiariodesanpedro.com.ar\/sitio\/wp-content\/uploads\/2023\/08\/Imagen-de-WhatsApp-2023-08-30-a-las-16.54.21-1024x539.jpg\" data-src=\"https:\/\/eldiariodesanpedro.com.ar\/sitio\/wp-content\/uploads\/2023\/08\/Imagen-de-WhatsApp-2023-08-30-a-las-16.54.21-1024x539.jpg\" alt=\"\" class=\"wp-image-121816 lazyload\" data-srcset=\"https:\/\/eldiariodesanpedro.com.ar\/sitio\/wp-content\/uploads\/2023\/08\/Imagen-de-WhatsApp-2023-08-30-a-las-16.54.21-1024x539.jpg 1024w, https:\/\/eldiariodesanpedro.com.ar\/sitio\/wp-content\/uploads\/2023\/08\/Imagen-de-WhatsApp-2023-08-30-a-las-16.54.21-300x158.jpg 300w, https:\/\/eldiariodesanpedro.com.ar\/sitio\/wp-content\/uploads\/2023\/08\/Imagen-de-WhatsApp-2023-08-30-a-las-16.54.21-768x404.jpg 768w, https:\/\/eldiariodesanpedro.com.ar\/sitio\/wp-content\/uploads\/2023\/08\/Imagen-de-WhatsApp-2023-08-30-a-las-16.54.21.jpg 1197w\" data-sizes=\"(max-width: 1024px) 100vw, 1024px\" src=\"data:image\/svg+xml;base64,PHN2ZyB3aWR0aD0iMSIgaGVpZ2h0PSIxIiB4bWxucz0iaHR0cDovL3d3dy53My5vcmcvMjAwMC9zdmciPjwvc3ZnPg==\" style=\"--smush-placeholder-width: 1024px; --smush-placeholder-aspect-ratio: 1024\/539;\" \/><\/figure>\n","protected":false},"excerpt":{"rendered":"<p>A trav\u00e9s de la gesti\u00f3n del Intendente Municipal Cecilio Salazar ante el Ministerio de Ambiente de la Naci\u00f3n y la adhesi\u00f3n del Municipio al Programa de Ordenamiento Ambiental del Territorio \u201cIncorporaci\u00f3n de la conservaci\u00f3n de la biodiversidad y el manejo sostenible de las tierras en la planificaci\u00f3n del desarrollo\u201d se present\u00f3 este mi\u00e9rcoles en el [&hellip;]<\/p>\n","protected":false},"author":4,"featured_media":121815,"comment_status":"closed","ping_status":"closed","sticky":false,"template":"","format":"standard","meta":{"om_disable_all_campaigns":false,"_jetpack_memberships_contains_paid_content":false,"footnotes":""},"categories":[50,101,2],"tags":[197,696,33,19],"class_list":["post-121812","post","type-post","status-publish","format-standard","has-post-thumbnail","hentry","category-destacadas","category-interes-general-locales","category-locales","tag-buenos-aires","tag-interes-general","tag-locales","tag-san-pedro"],"aioseo_notices":[],"gutentor_comment":0,"jetpack_featured_media_url":"https:\/\/eldiariodesanpedro.com.ar\/sitio\/wp-content\/uploads\/2023\/08\/Imagen-de-WhatsApp-2023-08-30-a-las-16.54.20.jpg","jetpack_shortlink":"https:\/\/wp.me\/p6RhLt-vGI","jetpack_sharing_enabled":true,"_links":{"self":[{"href":"https:\/\/eldiariodesanpedro.com.ar\/sitio\/wp-json\/wp\/v2\/posts\/121812","targetHints":{"allow":["GET"]}}],"collection":[{"href":"https:\/\/eldiariodesanpedro.com.ar\/sitio\/wp-json\/wp\/v2\/posts"}],"about":[{"href":"https:\/\/eldiariodesanpedro.com.ar\/sitio\/wp-json\/wp\/v2\/types\/post"}],"author":[{"embeddable":true,"href":"https:\/\/eldiariodesanpedro.com.ar\/sitio\/wp-json\/wp\/v2\/users\/4"}],"replies":[{"embeddable":true,"href":"https:\/\/eldiariodesanpedro.com.ar\/sitio\/wp-json\/wp\/v2\/comments?post=121812"}],"version-history":[{"count":1,"href":"https:\/\/eldiariodesanpedro.com.ar\/sitio\/wp-json\/wp\/v2\/posts\/121812\/revisions"}],"predecessor-version":[{"id":121817,"href":"https:\/\/eldiariodesanpedro.com.ar\/sitio\/wp-json\/wp\/v2\/posts\/121812\/revisions\/121817"}],"wp:featuredmedia":[{"embeddable":true,"href":"https:\/\/eldiariodesanpedro.com.ar\/sitio\/wp-json\/wp\/v2\/media\/121815"}],"wp:attachment":[{"href":"https:\/\/eldiariodesanpedro.com.ar\/sitio\/wp-json\/wp\/v2\/media?parent=121812"}],"wp:term":[{"taxonomy":"category","embeddable":true,"href":"https:\/\/eldiariodesanpedro.com.ar\/sitio\/wp-json\/wp\/v2\/categories?post=121812"},{"taxonomy":"post_tag","embeddable":true,"href":"https:\/\/eldiariodesanpedro.com.ar\/sitio\/wp-json\/wp\/v2\/tags?post=121812"}],"curies":[{"name":"wp","href":"https:\/\/api.w.org\/{rel}","templated":true}]}}