{"id":121802,"date":"2023-08-30T19:09:30","date_gmt":"2023-08-30T22:09:30","guid":{"rendered":"https:\/\/eldiariodesanpedro.com.ar\/sitio\/?p=121802"},"modified":"2023-08-30T19:12:42","modified_gmt":"2023-08-30T22:12:42","slug":"la-municipalidad-y-coopser-avanzan-con-la-obra-mas-esperada-para-los-sampedrinos","status":"publish","type":"post","link":"https:\/\/eldiariodesanpedro.com.ar\/sitio\/la-municipalidad-y-coopser-avanzan-con-la-obra-mas-esperada-para-los-sampedrinos\/","title":{"rendered":"La Municipalidad y COOPSER avanzan con \u00abla obra\u00bb m\u00e1s esperada para los sampedrinos"},"content":{"rendered":"<!-- VideographyWP Plugin Message: Automatic video embedding prevented by plugin options. -->\n\n<p>Esta ma\u00f1ana en el despacho oficial, el Intendente Municipal Cecilio Salazar y el Presidente del Consejo de Administraci\u00f3n de COOPSER Iv\u00e1n Groppo, informaron las novedades que se han ido concretando durante las \u00faltimas semanas, con relaci\u00f3n a la esperada construcci\u00f3n de la Estaci\u00f3n Transformadora San Pedro Industrial, con la que los sampedrinos podremos contar con m\u00e1s del doble de la energ\u00eda que actualmente se puede ofrecer a los proyectos industriales y emprendimientos generadores de trabajo en el Partido.<\/p>\n\n\n\n<iframe data-src=\"https:\/\/www.facebook.com\/plugins\/video.php?height=314&#038;href=https%3A%2F%2Fwww.facebook.com%2Fdiariosp2%2Fvideos%2F845122880617265%2F&#038;show_text=false&#038;width=560&#038;t=0\" width=\"560\" height=\"314\" style=\"border:none;overflow:hidden\" scrolling=\"no\" frameborder=\"0\" allowfullscreen=\"true\" allow=\"autoplay; clipboard-write; encrypted-media; picture-in-picture; web-share\" allowFullScreen=\"true\" src=\"data:image\/svg+xml;base64,PHN2ZyB3aWR0aD0iMSIgaGVpZ2h0PSIxIiB4bWxucz0iaHR0cDovL3d3dy53My5vcmcvMjAwMC9zdmciPjwvc3ZnPg==\" class=\"lazyload\" data-load-mode=\"1\"><\/iframe>\n\n\n\n<p>El proceso para arribar al escenario actual se reanud\u00f3 luego de la falta de apoyo evidenciada por la Secretar\u00eda de Energ\u00eda a cargo de Juan Jos\u00e9 Aranguren en la gesti\u00f3n del presidente Mauricio Macri.<\/p>\n\n\n\n<p>Las gestiones realizadas ante el Ministro Sergio Massa permitieron retomar las conversaciones para este proyecto que fueron avanzando en la Secretar\u00eda de Energ\u00eda y el ENRE y el apoyo brindado desde el gobierno de la Provincia de Buenos Aires a cargo de Axel Kicillof incluy\u00e9ndolo en el Presupuesto Anual terminaron de conformar un escenario auspicioso.<\/p>\n\n\n\n<p>Luego de las reuniones mantenidas con el Subsecretario de Energ\u00eda de la Naci\u00f3n Santiago Yanotti, la obtenci\u00f3n a trav\u00e9s del ENRE Ente Nacional Regulador de la Electricidad del Certificado de Conveniencia y Necesidad P\u00fablica (CCyNP) y un encuentro hace pocos d\u00edas con el Subsecretario de Energ\u00eda de la Provincia de Buenos Aires Lic. Gast\u00f3n Ghioni y el Director Provincial de Energ\u00eda Ing. Marcelo Garrido, la obra est\u00e1 en condiciones de ser licitada.<\/p>\n\n\n\n<p>El Intendente Cecilio Salazar record\u00f3 que el actual presidente de COOPSER fue con quien se comenzaron estas gestiones en el 2015 y destac\u00f3 especialmente que concretar esta obra resulta fundamental para poder cumplir con el anhelo de incrementar la potencia disponible en San Pedro, contando con un transformador adquirido por COOPSER y en un terreno que tambi\u00e9n ha adquirido la Cooperativa con ese objetivo.<\/p>\n\n\n\n<p>Salazar destac\u00f3 que gran parte del futuro de la regi\u00f3n y las oportunidades de radicaci\u00f3n de nuevas empresas que generen fuentes de trabajo depende de esta tercera estaci\u00f3n transformadora que una vez concluida ser\u00e1 conectada al Sistema Argentino de Interconexi\u00f3n (SADI), incrementando en 60 megas la capacidad energ\u00e9tica del Partido de San Pedro, que se sumar\u00edan a los 45 megas actualmente disponibles.<\/p>\n\n\n\n<p>El presidente de COOPSER destac\u00f3 la visi\u00f3n de previsibilidad con la que se viene trabajando desde el Consejo de Administraci\u00f3n pensando en el futuro de mediano y largo plazo de San Pedro e inform\u00f3 adem\u00e1s que en paralelo con los preparativos para la licitaci\u00f3n se llevan adelante otros tr\u00e1mites relacionados con las l\u00edneas a\u00e9reas de alta tensi\u00f3n que conectar\u00e1n la Estaci\u00f3n Transformadora San Pedro Industrial de 132\/33\/13,2 kV de 30\/20\/30 MVA con el Sistema Argentino de Interconexi\u00f3n&nbsp;(SADI).<\/p>\n\n\n\n<figure class=\"wp-block-image size-large\"><img decoding=\"async\" width=\"1024\" height=\"614\" data-attachment-id=\"121804\" data-permalink=\"https:\/\/eldiariodesanpedro.com.ar\/sitio\/la-municipalidad-y-coopser-avanzan-con-la-obra-mas-esperada-para-los-sampedrinos\/imagen-de-whatsapp-2023-08-30-a-las-14-17-11\/\" data-orig-file=\"https:\/\/eldiariodesanpedro.com.ar\/sitio\/wp-content\/uploads\/2023\/08\/Imagen-de-WhatsApp-2023-08-30-a-las-14.17.11.jpg\" data-orig-size=\"1051,630\" data-comments-opened=\"0\" data-image-meta=\"{&quot;aperture&quot;:&quot;0&quot;,&quot;credit&quot;:&quot;&quot;,&quot;camera&quot;:&quot;&quot;,&quot;caption&quot;:&quot;&quot;,&quot;created_timestamp&quot;:&quot;0&quot;,&quot;copyright&quot;:&quot;&quot;,&quot;focal_length&quot;:&quot;0&quot;,&quot;iso&quot;:&quot;0&quot;,&quot;shutter_speed&quot;:&quot;0&quot;,&quot;title&quot;:&quot;&quot;,&quot;orientation&quot;:&quot;0&quot;}\" data-image-title=\"Imagen de WhatsApp 2023-08-30 a las 14.17.11\" data-image-description=\"\" data-image-caption=\"\" data-large-file=\"https:\/\/eldiariodesanpedro.com.ar\/sitio\/wp-content\/uploads\/2023\/08\/Imagen-de-WhatsApp-2023-08-30-a-las-14.17.11-1024x614.jpg\" data-src=\"https:\/\/eldiariodesanpedro.com.ar\/sitio\/wp-content\/uploads\/2023\/08\/Imagen-de-WhatsApp-2023-08-30-a-las-14.17.11-1024x614.jpg\" alt=\"\" class=\"wp-image-121804 lazyload\" data-srcset=\"https:\/\/eldiariodesanpedro.com.ar\/sitio\/wp-content\/uploads\/2023\/08\/Imagen-de-WhatsApp-2023-08-30-a-las-14.17.11-1024x614.jpg 1024w, https:\/\/eldiariodesanpedro.com.ar\/sitio\/wp-content\/uploads\/2023\/08\/Imagen-de-WhatsApp-2023-08-30-a-las-14.17.11-300x180.jpg 300w, https:\/\/eldiariodesanpedro.com.ar\/sitio\/wp-content\/uploads\/2023\/08\/Imagen-de-WhatsApp-2023-08-30-a-las-14.17.11-768x460.jpg 768w, https:\/\/eldiariodesanpedro.com.ar\/sitio\/wp-content\/uploads\/2023\/08\/Imagen-de-WhatsApp-2023-08-30-a-las-14.17.11.jpg 1051w\" data-sizes=\"(max-width: 1024px) 100vw, 1024px\" src=\"data:image\/svg+xml;base64,PHN2ZyB3aWR0aD0iMSIgaGVpZ2h0PSIxIiB4bWxucz0iaHR0cDovL3d3dy53My5vcmcvMjAwMC9zdmciPjwvc3ZnPg==\" style=\"--smush-placeholder-width: 1024px; --smush-placeholder-aspect-ratio: 1024\/614;\" \/><\/figure>\n\n\n\n<figure class=\"wp-block-image size-large\"><img decoding=\"async\" width=\"1024\" height=\"576\" data-attachment-id=\"121807\" data-permalink=\"https:\/\/eldiariodesanpedro.com.ar\/sitio\/la-municipalidad-y-coopser-avanzan-con-la-obra-mas-esperada-para-los-sampedrinos\/img_20230830_111254353_hdr\/\" data-orig-file=\"https:\/\/eldiariodesanpedro.com.ar\/sitio\/wp-content\/uploads\/2023\/08\/IMG_20230830_111254353_HDR.jpg\" data-orig-size=\"1120,630\" data-comments-opened=\"0\" data-image-meta=\"{&quot;aperture&quot;:&quot;1.7&quot;,&quot;credit&quot;:&quot;&quot;,&quot;camera&quot;:&quot;Moto G (5) Plus&quot;,&quot;caption&quot;:&quot;&quot;,&quot;created_timestamp&quot;:&quot;1693393974&quot;,&quot;copyright&quot;:&quot;&quot;,&quot;focal_length&quot;:&quot;4.28&quot;,&quot;iso&quot;:&quot;400&quot;,&quot;shutter_speed&quot;:&quot;0.02&quot;,&quot;title&quot;:&quot;&quot;,&quot;orientation&quot;:&quot;0&quot;}\" data-image-title=\"IMG_20230830_111254353_HDR\" data-image-description=\"\" data-image-caption=\"\" data-large-file=\"https:\/\/eldiariodesanpedro.com.ar\/sitio\/wp-content\/uploads\/2023\/08\/IMG_20230830_111254353_HDR-1024x576.jpg\" data-src=\"https:\/\/eldiariodesanpedro.com.ar\/sitio\/wp-content\/uploads\/2023\/08\/IMG_20230830_111254353_HDR-1024x576.jpg\" alt=\"\" class=\"wp-image-121807 lazyload\" data-srcset=\"https:\/\/eldiariodesanpedro.com.ar\/sitio\/wp-content\/uploads\/2023\/08\/IMG_20230830_111254353_HDR-1024x576.jpg 1024w, https:\/\/eldiariodesanpedro.com.ar\/sitio\/wp-content\/uploads\/2023\/08\/IMG_20230830_111254353_HDR-300x169.jpg 300w, https:\/\/eldiariodesanpedro.com.ar\/sitio\/wp-content\/uploads\/2023\/08\/IMG_20230830_111254353_HDR-768x432.jpg 768w, https:\/\/eldiariodesanpedro.com.ar\/sitio\/wp-content\/uploads\/2023\/08\/IMG_20230830_111254353_HDR.jpg 1120w\" data-sizes=\"(max-width: 1024px) 100vw, 1024px\" src=\"data:image\/svg+xml;base64,PHN2ZyB3aWR0aD0iMSIgaGVpZ2h0PSIxIiB4bWxucz0iaHR0cDovL3d3dy53My5vcmcvMjAwMC9zdmciPjwvc3ZnPg==\" style=\"--smush-placeholder-width: 1024px; --smush-placeholder-aspect-ratio: 1024\/576;\" \/><\/figure>\n","protected":false},"excerpt":{"rendered":"<p>Esta ma\u00f1ana en el despacho oficial, el Intendente Municipal Cecilio Salazar y el Presidente del Consejo de Administraci\u00f3n de COOPSER Iv\u00e1n Groppo, informaron las novedades que se han ido concretando durante las \u00faltimas semanas, con relaci\u00f3n a la esperada construcci\u00f3n de la Estaci\u00f3n Transformadora San Pedro Industrial, con la que los sampedrinos podremos contar con [&hellip;]<\/p>\n","protected":false},"author":4,"featured_media":121803,"comment_status":"closed","ping_status":"closed","sticky":false,"template":"","format":"standard","meta":{"om_disable_all_campaigns":false,"_jetpack_memberships_contains_paid_content":false,"footnotes":""},"categories":[50,101,2],"tags":[197,696,33,19],"class_list":["post-121802","post","type-post","status-publish","format-standard","has-post-thumbnail","hentry","category-destacadas","category-interes-general-locales","category-locales","tag-buenos-aires","tag-interes-general","tag-locales","tag-san-pedro"],"aioseo_notices":[],"gutentor_comment":0,"jetpack_featured_media_url":"https:\/\/eldiariodesanpedro.com.ar\/sitio\/wp-content\/uploads\/2023\/08\/Imagen-de-WhatsApp-2023-08-30-a-las-14.17.10.jpg","jetpack_shortlink":"https:\/\/wp.me\/p6RhLt-vGy","jetpack_sharing_enabled":true,"_links":{"self":[{"href":"https:\/\/eldiariodesanpedro.com.ar\/sitio\/wp-json\/wp\/v2\/posts\/121802","targetHints":{"allow":["GET"]}}],"collection":[{"href":"https:\/\/eldiariodesanpedro.com.ar\/sitio\/wp-json\/wp\/v2\/posts"}],"about":[{"href":"https:\/\/eldiariodesanpedro.com.ar\/sitio\/wp-json\/wp\/v2\/types\/post"}],"author":[{"embeddable":true,"href":"https:\/\/eldiariodesanpedro.com.ar\/sitio\/wp-json\/wp\/v2\/users\/4"}],"replies":[{"embeddable":true,"href":"https:\/\/eldiariodesanpedro.com.ar\/sitio\/wp-json\/wp\/v2\/comments?post=121802"}],"version-history":[{"count":2,"href":"https:\/\/eldiariodesanpedro.com.ar\/sitio\/wp-json\/wp\/v2\/posts\/121802\/revisions"}],"predecessor-version":[{"id":121810,"href":"https:\/\/eldiariodesanpedro.com.ar\/sitio\/wp-json\/wp\/v2\/posts\/121802\/revisions\/121810"}],"wp:featuredmedia":[{"embeddable":true,"href":"https:\/\/eldiariodesanpedro.com.ar\/sitio\/wp-json\/wp\/v2\/media\/121803"}],"wp:attachment":[{"href":"https:\/\/eldiariodesanpedro.com.ar\/sitio\/wp-json\/wp\/v2\/media?parent=121802"}],"wp:term":[{"taxonomy":"category","embeddable":true,"href":"https:\/\/eldiariodesanpedro.com.ar\/sitio\/wp-json\/wp\/v2\/categories?post=121802"},{"taxonomy":"post_tag","embeddable":true,"href":"https:\/\/eldiariodesanpedro.com.ar\/sitio\/wp-json\/wp\/v2\/tags?post=121802"}],"curies":[{"name":"wp","href":"https:\/\/api.w.org\/{rel}","templated":true}]}}