{"id":121794,"date":"2023-08-30T13:20:52","date_gmt":"2023-08-30T16:20:52","guid":{"rendered":"https:\/\/eldiariodesanpedro.com.ar\/sitio\/?p=121794"},"modified":"2023-08-30T13:20:54","modified_gmt":"2023-08-30T16:20:54","slug":"descubren-en-argentina-una-nueva-especie-de-anfibio-prehistorico","status":"publish","type":"post","link":"https:\/\/eldiariodesanpedro.com.ar\/sitio\/descubren-en-argentina-una-nueva-especie-de-anfibio-prehistorico\/","title":{"rendered":"Descubren en Argentina una nueva especie de Anfibio Prehist\u00f3rico"},"content":{"rendered":"<!-- VideographyWP Plugin Message: Automatic video embedding prevented by plugin options. -->\n\n<p><strong>El hallazgo fue hecho por el Museo Paleontol\u00f3gico de San Pedro, a 170 kil\u00f3metros de Buenos Aires. Es el cr\u00e1neo de una nueva especie de escuerzo que habit\u00f3 la regi\u00f3n hace unos 100.000 a\u00f1os.<\/strong><\/p>\n\n\n\n<p>El&nbsp;<strong>Grupo Conservacionista de F\u00f3siles<\/strong>, equipo del&nbsp;<strong>Museo Paleontol\u00f3gico \u201cFray Manuel de Torres\u201d<\/strong>, de la ciudad de San Pedro (Bs. As.-Argentina) ha descubierto el cr\u00e1neo fosilizado de una&nbsp;<strong>nueva especie de anuro<\/strong>&nbsp;que habit\u00f3 la regi\u00f3n durante la edad Lujanense.<\/p>\n\n\n\n<p>El hallazgo fue realizado por el&nbsp;<strong>Dr. Julio Simonini<\/strong>, integrante del museo, en una capa sedimentaria cuya antig\u00fcedad se estima cercana a los 100.000 a\u00f1os; en&nbsp;<strong>Tosquera \u201cMocoret\u00e1\u201d<\/strong>, a 4 kil\u00f3metros de la ciudad.<\/p>\n\n\n\n<p>Durante una salida de rutina,&nbsp;<strong>Simonini<\/strong>&nbsp;observ\u00f3 unos peque\u00f1os y delgados huesillos, aflorando entre un grupo de rocas de color pardo. Por tratarse de restos muy fr\u00e1giles, recort\u00f3 un peque\u00f1o \u201cboch\u00f3n\u201d de terreno conteniendo al f\u00f3sil y lo envolvi\u00f3 en telas con yeso para facilitar su traslado al laboratorio del museo.<\/p>\n\n\n\n<p>Una vez all\u00ed, se quit\u00f3 el sedimento que aprisionaba los restos y se realiz\u00f3 su consolidaci\u00f3n final.<\/p>\n\n\n\n<p>Ya se sospechaba que \u201ceso\u201d pod\u00eda ser algo importante.<\/p>\n\n\n\n<p>\u201c<em>Cada vez que descubrimos restos fosilizados de animales peque\u00f1os nos entusiasma porque los m\u00e1s chicos son, a la vez, los m\u00e1s dif\u00edciles de encontrar. Adem\u00e1s, los huesos grandes son m\u00e1s f\u00e1ciles de que se preserven en estado f\u00f3sil, justamente por ser m\u00e1s masivos. Por eso, cuando vi esas peque\u00f1as estructuras, sent\u00ed una gran satisfacci\u00f3n porque uno siempre tiene la esperanza de que ese ejemplar que acaba de recuperar, sea algo inusual, algo \u00fanico. Y esta vez\u2026se dio as\u00ed<\/em>\u201d, explica Julio Simonini, protagonista del hallazgo.<\/p>\n\n\n\n<p>El&nbsp;<strong>Sr. Jos\u00e9 Luis Aguilar<\/strong>, Director del Museo de San Pedro, agrega que \u201c<em>este hallazgo representa una gran oportunidad para conocer con m\u00e1s detalle la fauna de anfibios que habit\u00f3 durante el Pleistoceno de la regi\u00f3n. Al tratarse de una especie desconocida hasta hoy, ampl\u00eda el espectro de este grupo aportando informaci\u00f3n in\u00e9dita sobre la diversidad de estos animales. El hecho de haber hallado gran parte del cr\u00e1neo del animal posibilit\u00f3 la comparaci\u00f3n con sus cong\u00e9neres f\u00f3siles y actuales, logrando determinarse que se trataba de un animal nunca antes descubierto. Una nueva especie de estos voraces depredadores que cazan por movimiento.&nbsp;<strong>Cualquier animal que pasa frente a sus ojos, corre el riesgo de ser devorado.<\/strong><\/em><\/p>\n\n\n\n<p><em>Comunicar el hallazgo de una nueva forma de vida f\u00f3sil, como en este caso, siempre es un gran logro para un museo paleontol\u00f3gico; es un aporte a la paleontolog\u00eda de Argentina que nos llena de orgullo\u201d.<\/em><\/p>\n\n\n\n<p>La nueva especie de anfibio est\u00e1 siendo estudiada por el&nbsp;<strong>Dr. Guillermo Turazzini<\/strong>, del Laboratorio de Morfolog\u00eda Evolutiva y Paleobiolog\u00eda de Vertebrados (FCEyN-UBA\/CONICET) y el&nbsp;<strong>Dr. Federico Agnolin<\/strong>, del Laboratorio de Anatom\u00eda Comparada y Evoluci\u00f3n de los Vertebrados (MACN\/CONICET)<\/p>\n\n\n\n<p>El&nbsp;<strong>Dr. Turazzini<\/strong>&nbsp;detalla al respecto: \u201c<em>Al comienzo de la investigaci\u00f3n, las primeras observaciones sobre la anatom\u00eda craneana del animal nos permitieron sospechar sobre una posible relaci\u00f3n con una especie de escuerzo f\u00f3sil denominada Ceratophrys ameghinorum, hallada en el sur de la Provincia de Buenos Aires, de unos 4 millones de a\u00f1os de antig\u00fcedad. Sin embargo, la inclusi\u00f3n del ejemplar de San Pedro en un an\u00e1lisis de parentesco entre escuerzos f\u00f3siles y actuales, nos permiti\u00f3 concluir que el nuevo ejemplar efectivamente se encuentra m\u00e1s emparentado con una especie actual de escuerzo que vive en las selvas de la costa atl\u00e1ntica del sur de Brasil, que con las especies de escuerzos que hoy est\u00e1n presentes en el Norte de Buenos Aires. Este an\u00e1lisis demuestra que&nbsp;<strong>el ejemplar f\u00f3sil de San Pedro representa una nueva especie para la ciencia<\/strong>, que se encuentra en proceso &nbsp;de ser descripta y nominada. Hemos consensuado con el museo que este nuevo anfibio lleve el nombre de su descubridor, ya que es un incansable colaborador de la instituci\u00f3n.<\/em><\/p>\n\n\n\n<p><em>La identificaci\u00f3n de una nueva especie f\u00f3sil no s\u00f3lo es interesante porque nos permite comprender mejor la diversidad pasada de los anfibios y la evoluci\u00f3n del grupo sino que, adem\u00e1s, evidencia que las extinciones ocurridas durante la \u00faltima glaciaci\u00f3n no s\u00f3lo afectaron a los grandes mam\u00edferos, sino que el grupo de las ranas, sapos y (en este caso) escuerzos tambi\u00e9n sufri\u00f3 p\u00e9rdidas notables\u201d<\/em>.<\/p>\n\n\n\n<p><strong>Recreaci\u00f3n art\u00edstica: Miguel Lugo<\/strong><br><strong>Dibujo: Jorge Portaz<\/strong><\/p>\n\n\n\n<figure class=\"wp-block-image size-large\"><img decoding=\"async\" width=\"1024\" height=\"576\" data-attachment-id=\"121795\" data-permalink=\"https:\/\/eldiariodesanpedro.com.ar\/sitio\/descubren-en-argentina-una-nueva-especie-de-anfibio-prehistorico\/1-280\/\" data-orig-file=\"https:\/\/eldiariodesanpedro.com.ar\/sitio\/wp-content\/uploads\/2023\/08\/1-2.jpg\" data-orig-size=\"1120,630\" data-comments-opened=\"0\" data-image-meta=\"{&quot;aperture&quot;:&quot;0&quot;,&quot;credit&quot;:&quot;&quot;,&quot;camera&quot;:&quot;&quot;,&quot;caption&quot;:&quot;&quot;,&quot;created_timestamp&quot;:&quot;0&quot;,&quot;copyright&quot;:&quot;&quot;,&quot;focal_length&quot;:&quot;0&quot;,&quot;iso&quot;:&quot;0&quot;,&quot;shutter_speed&quot;:&quot;0&quot;,&quot;title&quot;:&quot;&quot;,&quot;orientation&quot;:&quot;0&quot;}\" data-image-title=\"1\" data-image-description=\"\" data-image-caption=\"\" data-large-file=\"https:\/\/eldiariodesanpedro.com.ar\/sitio\/wp-content\/uploads\/2023\/08\/1-2-1024x576.jpg\" data-src=\"https:\/\/eldiariodesanpedro.com.ar\/sitio\/wp-content\/uploads\/2023\/08\/1-2-1024x576.jpg\" alt=\"\" class=\"wp-image-121795 lazyload\" data-srcset=\"https:\/\/eldiariodesanpedro.com.ar\/sitio\/wp-content\/uploads\/2023\/08\/1-2-1024x576.jpg 1024w, https:\/\/eldiariodesanpedro.com.ar\/sitio\/wp-content\/uploads\/2023\/08\/1-2-300x169.jpg 300w, https:\/\/eldiariodesanpedro.com.ar\/sitio\/wp-content\/uploads\/2023\/08\/1-2-768x432.jpg 768w, https:\/\/eldiariodesanpedro.com.ar\/sitio\/wp-content\/uploads\/2023\/08\/1-2.jpg 1120w\" data-sizes=\"(max-width: 1024px) 100vw, 1024px\" src=\"data:image\/svg+xml;base64,PHN2ZyB3aWR0aD0iMSIgaGVpZ2h0PSIxIiB4bWxucz0iaHR0cDovL3d3dy53My5vcmcvMjAwMC9zdmciPjwvc3ZnPg==\" style=\"--smush-placeholder-width: 1024px; --smush-placeholder-aspect-ratio: 1024\/576;\" \/><\/figure>\n\n\n\n<figure class=\"wp-block-image size-large\"><img decoding=\"async\" width=\"1024\" height=\"576\" data-attachment-id=\"121796\" data-permalink=\"https:\/\/eldiariodesanpedro.com.ar\/sitio\/descubren-en-argentina-una-nueva-especie-de-anfibio-prehistorico\/2-147\/\" data-orig-file=\"https:\/\/eldiariodesanpedro.com.ar\/sitio\/wp-content\/uploads\/2023\/08\/2.jpg\" data-orig-size=\"1120,630\" data-comments-opened=\"0\" data-image-meta=\"{&quot;aperture&quot;:&quot;0&quot;,&quot;credit&quot;:&quot;&quot;,&quot;camera&quot;:&quot;&quot;,&quot;caption&quot;:&quot;&quot;,&quot;created_timestamp&quot;:&quot;0&quot;,&quot;copyright&quot;:&quot;&quot;,&quot;focal_length&quot;:&quot;0&quot;,&quot;iso&quot;:&quot;0&quot;,&quot;shutter_speed&quot;:&quot;0&quot;,&quot;title&quot;:&quot;&quot;,&quot;orientation&quot;:&quot;0&quot;}\" data-image-title=\"2\" data-image-description=\"\" data-image-caption=\"\" data-large-file=\"https:\/\/eldiariodesanpedro.com.ar\/sitio\/wp-content\/uploads\/2023\/08\/2-1024x576.jpg\" data-src=\"https:\/\/eldiariodesanpedro.com.ar\/sitio\/wp-content\/uploads\/2023\/08\/2-1024x576.jpg\" alt=\"\" class=\"wp-image-121796 lazyload\" data-srcset=\"https:\/\/eldiariodesanpedro.com.ar\/sitio\/wp-content\/uploads\/2023\/08\/2-1024x576.jpg 1024w, https:\/\/eldiariodesanpedro.com.ar\/sitio\/wp-content\/uploads\/2023\/08\/2-300x169.jpg 300w, https:\/\/eldiariodesanpedro.com.ar\/sitio\/wp-content\/uploads\/2023\/08\/2-768x432.jpg 768w, https:\/\/eldiariodesanpedro.com.ar\/sitio\/wp-content\/uploads\/2023\/08\/2.jpg 1120w\" data-sizes=\"(max-width: 1024px) 100vw, 1024px\" src=\"data:image\/svg+xml;base64,PHN2ZyB3aWR0aD0iMSIgaGVpZ2h0PSIxIiB4bWxucz0iaHR0cDovL3d3dy53My5vcmcvMjAwMC9zdmciPjwvc3ZnPg==\" style=\"--smush-placeholder-width: 1024px; --smush-placeholder-aspect-ratio: 1024\/576;\" \/><\/figure>\n\n\n\n<figure class=\"wp-block-image size-full\"><img decoding=\"async\" width=\"909\" height=\"630\" data-attachment-id=\"121798\" data-permalink=\"https:\/\/eldiariodesanpedro.com.ar\/sitio\/descubren-en-argentina-una-nueva-especie-de-anfibio-prehistorico\/craneo-vista-lateral\/\" data-orig-file=\"https:\/\/eldiariodesanpedro.com.ar\/sitio\/wp-content\/uploads\/2023\/08\/CRANEO-VISTA-LATERAL.jpg\" data-orig-size=\"909,630\" data-comments-opened=\"0\" data-image-meta=\"{&quot;aperture&quot;:&quot;40&quot;,&quot;credit&quot;:&quot;&quot;,&quot;camera&quot;:&quot;NIKON D80&quot;,&quot;caption&quot;:&quot;????????????????????????????????????&quot;,&quot;created_timestamp&quot;:&quot;1447772483&quot;,&quot;copyright&quot;:&quot;&quot;,&quot;focal_length&quot;:&quot;60&quot;,&quot;iso&quot;:&quot;0&quot;,&quot;shutter_speed&quot;:&quot;0.003125&quot;,&quot;title&quot;:&quot;&quot;,&quot;orientation&quot;:&quot;1&quot;}\" data-image-title=\"CR\u00c1NEO-VISTA LATERAL\" data-image-description=\"\" data-image-caption=\"&lt;p&gt;????????????????????????????????????&lt;\/p&gt;\n\" data-large-file=\"https:\/\/eldiariodesanpedro.com.ar\/sitio\/wp-content\/uploads\/2023\/08\/CRANEO-VISTA-LATERAL.jpg\" data-src=\"https:\/\/eldiariodesanpedro.com.ar\/sitio\/wp-content\/uploads\/2023\/08\/CRANEO-VISTA-LATERAL.jpg\" alt=\"\" class=\"wp-image-121798 lazyload\" data-srcset=\"https:\/\/eldiariodesanpedro.com.ar\/sitio\/wp-content\/uploads\/2023\/08\/CRANEO-VISTA-LATERAL.jpg 909w, https:\/\/eldiariodesanpedro.com.ar\/sitio\/wp-content\/uploads\/2023\/08\/CRANEO-VISTA-LATERAL-300x208.jpg 300w, https:\/\/eldiariodesanpedro.com.ar\/sitio\/wp-content\/uploads\/2023\/08\/CRANEO-VISTA-LATERAL-768x532.jpg 768w\" data-sizes=\"(max-width: 909px) 100vw, 909px\" src=\"data:image\/svg+xml;base64,PHN2ZyB3aWR0aD0iMSIgaGVpZ2h0PSIxIiB4bWxucz0iaHR0cDovL3d3dy53My5vcmcvMjAwMC9zdmciPjwvc3ZnPg==\" style=\"--smush-placeholder-width: 909px; --smush-placeholder-aspect-ratio: 909\/630;\" \/><figcaption class=\"wp-element-caption\">????????????????????????????????????<\/figcaption><\/figure>\n","protected":false},"excerpt":{"rendered":"<p>El hallazgo fue hecho por el Museo Paleontol\u00f3gico de San Pedro, a 170 kil\u00f3metros de Buenos Aires. Es el cr\u00e1neo de una nueva especie de escuerzo que habit\u00f3 la regi\u00f3n hace unos 100.000 a\u00f1os. El&nbsp;Grupo Conservacionista de F\u00f3siles, equipo del&nbsp;Museo Paleontol\u00f3gico \u201cFray Manuel de Torres\u201d, de la ciudad de San Pedro (Bs. As.-Argentina) ha descubierto [&hellip;]<\/p>\n","protected":false},"author":4,"featured_media":121797,"comment_status":"closed","ping_status":"closed","sticky":false,"template":"","format":"standard","meta":{"om_disable_all_campaigns":false,"_jetpack_memberships_contains_paid_content":false,"footnotes":""},"categories":[50,101,2],"tags":[197,696,33,19],"class_list":["post-121794","post","type-post","status-publish","format-standard","has-post-thumbnail","hentry","category-destacadas","category-interes-general-locales","category-locales","tag-buenos-aires","tag-interes-general","tag-locales","tag-san-pedro"],"aioseo_notices":[],"gutentor_comment":0,"jetpack_featured_media_url":"https:\/\/eldiariodesanpedro.com.ar\/sitio\/wp-content\/uploads\/2023\/08\/CRANEO-HALLADO-PARTES.jpg","jetpack_shortlink":"https:\/\/wp.me\/p6RhLt-vGq","jetpack_sharing_enabled":true,"_links":{"self":[{"href":"https:\/\/eldiariodesanpedro.com.ar\/sitio\/wp-json\/wp\/v2\/posts\/121794","targetHints":{"allow":["GET"]}}],"collection":[{"href":"https:\/\/eldiariodesanpedro.com.ar\/sitio\/wp-json\/wp\/v2\/posts"}],"about":[{"href":"https:\/\/eldiariodesanpedro.com.ar\/sitio\/wp-json\/wp\/v2\/types\/post"}],"author":[{"embeddable":true,"href":"https:\/\/eldiariodesanpedro.com.ar\/sitio\/wp-json\/wp\/v2\/users\/4"}],"replies":[{"embeddable":true,"href":"https:\/\/eldiariodesanpedro.com.ar\/sitio\/wp-json\/wp\/v2\/comments?post=121794"}],"version-history":[{"count":1,"href":"https:\/\/eldiariodesanpedro.com.ar\/sitio\/wp-json\/wp\/v2\/posts\/121794\/revisions"}],"predecessor-version":[{"id":121800,"href":"https:\/\/eldiariodesanpedro.com.ar\/sitio\/wp-json\/wp\/v2\/posts\/121794\/revisions\/121800"}],"wp:featuredmedia":[{"embeddable":true,"href":"https:\/\/eldiariodesanpedro.com.ar\/sitio\/wp-json\/wp\/v2\/media\/121797"}],"wp:attachment":[{"href":"https:\/\/eldiariodesanpedro.com.ar\/sitio\/wp-json\/wp\/v2\/media?parent=121794"}],"wp:term":[{"taxonomy":"category","embeddable":true,"href":"https:\/\/eldiariodesanpedro.com.ar\/sitio\/wp-json\/wp\/v2\/categories?post=121794"},{"taxonomy":"post_tag","embeddable":true,"href":"https:\/\/eldiariodesanpedro.com.ar\/sitio\/wp-json\/wp\/v2\/tags?post=121794"}],"curies":[{"name":"wp","href":"https:\/\/api.w.org\/{rel}","templated":true}]}}