{"id":121787,"date":"2023-08-30T10:36:34","date_gmt":"2023-08-30T13:36:34","guid":{"rendered":"https:\/\/eldiariodesanpedro.com.ar\/sitio\/?p=121787"},"modified":"2023-08-30T10:36:36","modified_gmt":"2023-08-30T13:36:36","slug":"nueva-comision-de-fomento-en-vuelta-de-obligado","status":"publish","type":"post","link":"https:\/\/eldiariodesanpedro.com.ar\/sitio\/nueva-comision-de-fomento-en-vuelta-de-obligado\/","title":{"rendered":"Nueva Comisi\u00f3n de Fomento en Vuelta de Obligado"},"content":{"rendered":"<!-- VideographyWP Plugin Message: Automatic video embedding prevented by plugin options. -->\n\n<p>La Direcci\u00f3n de Comisiones de Fomento informa que se desarroll\u00f3 este jueves la elecci\u00f3n de autoridades de la Comisi\u00f3n de Fomento en la localidad de Vuelta de Obligado que qued\u00f3 compuesta por los siguientes miembros:<\/p>\n\n\n\n<p>Presidente: Eduardo Quida<br>Vicepresidente: Ismael Trelles<br>Secretaria: Alejandra Pagani<br>Tesorera: Liliana Sanchez<br>Vocales titulares:<br>Daniela Morales, Luis G\u00f3mez, Gabriel Celie, Alejandro Garc\u00eda, Andr\u00e9s Carelio<br>Vocales suplentes:<br>Mariana L\u00f3pez, Dar\u00edo Cubilla, Marisa Quinteros, Sergio Ferreyra, Sergio Medina, Rosana L\u00f3pez, Federico G\u00f3mez, Daiana Videla<br>Revisor de cuentas: Nilda Moure<\/p>\n\n\n\n<p>La Direcci\u00f3n continuar\u00e1 apoyando a los grupos existentes y motivando a los barrios que a\u00fan no han conformado sus comisiones a hacerlo, planificando reuniones en otros barrios de la ciudad para mantener una comunicaci\u00f3n cercana con los vecinos y estimulando las comisiones existentes o reactivando las comisiones&nbsp;en&nbsp;desuso.<\/p>\n","protected":false},"excerpt":{"rendered":"<p>La Direcci\u00f3n de Comisiones de Fomento informa que se desarroll\u00f3 este jueves la elecci\u00f3n de autoridades de la Comisi\u00f3n de Fomento en la localidad de Vuelta de Obligado que qued\u00f3 compuesta por los siguientes miembros: Presidente: Eduardo QuidaVicepresidente: Ismael TrellesSecretaria: Alejandra PaganiTesorera: Liliana SanchezVocales titulares:Daniela Morales, Luis G\u00f3mez, Gabriel Celie, Alejandro Garc\u00eda, Andr\u00e9s CarelioVocales suplentes:Mariana [&hellip;]<\/p>\n","protected":false},"author":4,"featured_media":121788,"comment_status":"closed","ping_status":"closed","sticky":false,"template":"","format":"standard","meta":{"om_disable_all_campaigns":false,"_jetpack_memberships_contains_paid_content":false,"footnotes":""},"categories":[50,101,2],"tags":[197,696,33,19],"class_list":["post-121787","post","type-post","status-publish","format-standard","has-post-thumbnail","hentry","category-destacadas","category-interes-general-locales","category-locales","tag-buenos-aires","tag-interes-general","tag-locales","tag-san-pedro"],"aioseo_notices":[],"gutentor_comment":0,"jetpack_featured_media_url":"https:\/\/eldiariodesanpedro.com.ar\/sitio\/wp-content\/uploads\/2023\/08\/Imagen-de-WhatsApp-2023-08-30-a-las-09.31.13.jpg","jetpack_shortlink":"https:\/\/wp.me\/p6RhLt-vGj","jetpack_sharing_enabled":true,"_links":{"self":[{"href":"https:\/\/eldiariodesanpedro.com.ar\/sitio\/wp-json\/wp\/v2\/posts\/121787","targetHints":{"allow":["GET"]}}],"collection":[{"href":"https:\/\/eldiariodesanpedro.com.ar\/sitio\/wp-json\/wp\/v2\/posts"}],"about":[{"href":"https:\/\/eldiariodesanpedro.com.ar\/sitio\/wp-json\/wp\/v2\/types\/post"}],"author":[{"embeddable":true,"href":"https:\/\/eldiariodesanpedro.com.ar\/sitio\/wp-json\/wp\/v2\/users\/4"}],"replies":[{"embeddable":true,"href":"https:\/\/eldiariodesanpedro.com.ar\/sitio\/wp-json\/wp\/v2\/comments?post=121787"}],"version-history":[{"count":1,"href":"https:\/\/eldiariodesanpedro.com.ar\/sitio\/wp-json\/wp\/v2\/posts\/121787\/revisions"}],"predecessor-version":[{"id":121789,"href":"https:\/\/eldiariodesanpedro.com.ar\/sitio\/wp-json\/wp\/v2\/posts\/121787\/revisions\/121789"}],"wp:featuredmedia":[{"embeddable":true,"href":"https:\/\/eldiariodesanpedro.com.ar\/sitio\/wp-json\/wp\/v2\/media\/121788"}],"wp:attachment":[{"href":"https:\/\/eldiariodesanpedro.com.ar\/sitio\/wp-json\/wp\/v2\/media?parent=121787"}],"wp:term":[{"taxonomy":"category","embeddable":true,"href":"https:\/\/eldiariodesanpedro.com.ar\/sitio\/wp-json\/wp\/v2\/categories?post=121787"},{"taxonomy":"post_tag","embeddable":true,"href":"https:\/\/eldiariodesanpedro.com.ar\/sitio\/wp-json\/wp\/v2\/tags?post=121787"}],"curies":[{"name":"wp","href":"https:\/\/api.w.org\/{rel}","templated":true}]}}