{"id":121776,"date":"2023-08-30T10:24:07","date_gmt":"2023-08-30T13:24:07","guid":{"rendered":"https:\/\/eldiariodesanpedro.com.ar\/sitio\/?p=121776"},"modified":"2023-08-30T10:24:09","modified_gmt":"2023-08-30T13:24:09","slug":"excepcional-espectaculo-de-fleurs-noirs-en-la-iglesia-nuestra-senora-del-socorro","status":"publish","type":"post","link":"https:\/\/eldiariodesanpedro.com.ar\/sitio\/excepcional-espectaculo-de-fleurs-noirs-en-la-iglesia-nuestra-senora-del-socorro\/","title":{"rendered":"Excepcional espect\u00e1culo de Fleurs Noirs en la iglesia Nuestra Se\u00f1ora del Socorro"},"content":{"rendered":"<!-- VideographyWP Plugin Message: Automatic video embedding prevented by plugin options. -->\n\n<p>Con la Iglesia Nuestra Se\u00f1ora del Socorro colmada se concret\u00f3 este martes por la noche la presentaci\u00f3n de Fleurs Noires, que lleg\u00f3 a la Argentina para presentar la m\u00fasica de Tangos en Aleph, el \u00faltimo disco de la orquesta y el cuarto de su producci\u00f3n, en el que cuenta con la participaci\u00f3n de Minino Garay, el cantor Aureliano Mar\u00edn, Daniel Melingo y Tom\u00e1s Gubistch.<\/p>\n\n\n\n<p>La orquesta es integrada por Marion Chiron, Ana Carolina Poenitz y Kristina Kuusisto en la fila de bandoneones; Luc\u00eda Luque, Andrea Pujado y Solenne Bort Turquet, en la de violines; Camille Chardon, en viola, Veronica Votti en violoncello, Anne Vauchelet en contrabajo y es dirigida por Andrea Marsili, que es adem\u00e1s pianista y compositora del grupo.<\/p>\n\n\n\n<p>Autoridades municipales acompa\u00f1aron este gran acontecimiento cultural organizado por la Secretaria de Turismo y Cultura de la Municipalidad de San Pedro con el apoyo de la Parroquia Nuestra Se\u00f1ora del Socorro que se puso a disposici\u00f3n para brindar un espacio incomparable para este show\u00a0internacional.<\/p>\n\n\n\n<figure class=\"wp-block-image size-full\"><img decoding=\"async\" width=\"916\" height=\"630\" data-attachment-id=\"121779\" data-permalink=\"https:\/\/eldiariodesanpedro.com.ar\/sitio\/excepcional-espectaculo-de-fleurs-noirs-en-la-iglesia-nuestra-senora-del-socorro\/imagen-de-whatsapp-2023-08-30-a-las-08-42-17\/\" data-orig-file=\"https:\/\/eldiariodesanpedro.com.ar\/sitio\/wp-content\/uploads\/2023\/08\/Imagen-de-WhatsApp-2023-08-30-a-las-08.42.17.jpg\" data-orig-size=\"916,630\" data-comments-opened=\"0\" data-image-meta=\"{&quot;aperture&quot;:&quot;0&quot;,&quot;credit&quot;:&quot;&quot;,&quot;camera&quot;:&quot;&quot;,&quot;caption&quot;:&quot;&quot;,&quot;created_timestamp&quot;:&quot;0&quot;,&quot;copyright&quot;:&quot;&quot;,&quot;focal_length&quot;:&quot;0&quot;,&quot;iso&quot;:&quot;0&quot;,&quot;shutter_speed&quot;:&quot;0&quot;,&quot;title&quot;:&quot;&quot;,&quot;orientation&quot;:&quot;0&quot;}\" data-image-title=\"Imagen de WhatsApp 2023-08-30 a las 08.42.17\" data-image-description=\"\" data-image-caption=\"\" data-large-file=\"https:\/\/eldiariodesanpedro.com.ar\/sitio\/wp-content\/uploads\/2023\/08\/Imagen-de-WhatsApp-2023-08-30-a-las-08.42.17.jpg\" data-src=\"https:\/\/eldiariodesanpedro.com.ar\/sitio\/wp-content\/uploads\/2023\/08\/Imagen-de-WhatsApp-2023-08-30-a-las-08.42.17.jpg\" alt=\"\" class=\"wp-image-121779 lazyload\" data-srcset=\"https:\/\/eldiariodesanpedro.com.ar\/sitio\/wp-content\/uploads\/2023\/08\/Imagen-de-WhatsApp-2023-08-30-a-las-08.42.17.jpg 916w, https:\/\/eldiariodesanpedro.com.ar\/sitio\/wp-content\/uploads\/2023\/08\/Imagen-de-WhatsApp-2023-08-30-a-las-08.42.17-300x206.jpg 300w, https:\/\/eldiariodesanpedro.com.ar\/sitio\/wp-content\/uploads\/2023\/08\/Imagen-de-WhatsApp-2023-08-30-a-las-08.42.17-768x528.jpg 768w\" data-sizes=\"(max-width: 916px) 100vw, 916px\" src=\"data:image\/svg+xml;base64,PHN2ZyB3aWR0aD0iMSIgaGVpZ2h0PSIxIiB4bWxucz0iaHR0cDovL3d3dy53My5vcmcvMjAwMC9zdmciPjwvc3ZnPg==\" style=\"--smush-placeholder-width: 916px; --smush-placeholder-aspect-ratio: 916\/630;\" \/><\/figure>\n\n\n\n<figure class=\"wp-block-image size-full\"><img decoding=\"async\" width=\"946\" height=\"630\" data-attachment-id=\"121784\" data-permalink=\"https:\/\/eldiariodesanpedro.com.ar\/sitio\/excepcional-espectaculo-de-fleurs-noirs-en-la-iglesia-nuestra-senora-del-socorro\/imagen-de-whatsapp-2023-08-30-a-las-08-42-23\/\" data-orig-file=\"https:\/\/eldiariodesanpedro.com.ar\/sitio\/wp-content\/uploads\/2023\/08\/Imagen-de-WhatsApp-2023-08-30-a-las-08.42.23.jpg\" data-orig-size=\"946,630\" data-comments-opened=\"0\" data-image-meta=\"{&quot;aperture&quot;:&quot;0&quot;,&quot;credit&quot;:&quot;&quot;,&quot;camera&quot;:&quot;&quot;,&quot;caption&quot;:&quot;&quot;,&quot;created_timestamp&quot;:&quot;0&quot;,&quot;copyright&quot;:&quot;&quot;,&quot;focal_length&quot;:&quot;0&quot;,&quot;iso&quot;:&quot;0&quot;,&quot;shutter_speed&quot;:&quot;0&quot;,&quot;title&quot;:&quot;&quot;,&quot;orientation&quot;:&quot;0&quot;}\" data-image-title=\"Imagen de WhatsApp 2023-08-30 a las 08.42.23\" data-image-description=\"\" data-image-caption=\"\" data-large-file=\"https:\/\/eldiariodesanpedro.com.ar\/sitio\/wp-content\/uploads\/2023\/08\/Imagen-de-WhatsApp-2023-08-30-a-las-08.42.23.jpg\" data-src=\"https:\/\/eldiariodesanpedro.com.ar\/sitio\/wp-content\/uploads\/2023\/08\/Imagen-de-WhatsApp-2023-08-30-a-las-08.42.23.jpg\" alt=\"\" class=\"wp-image-121784 lazyload\" data-srcset=\"https:\/\/eldiariodesanpedro.com.ar\/sitio\/wp-content\/uploads\/2023\/08\/Imagen-de-WhatsApp-2023-08-30-a-las-08.42.23.jpg 946w, https:\/\/eldiariodesanpedro.com.ar\/sitio\/wp-content\/uploads\/2023\/08\/Imagen-de-WhatsApp-2023-08-30-a-las-08.42.23-300x200.jpg 300w, https:\/\/eldiariodesanpedro.com.ar\/sitio\/wp-content\/uploads\/2023\/08\/Imagen-de-WhatsApp-2023-08-30-a-las-08.42.23-768x511.jpg 768w\" data-sizes=\"(max-width: 946px) 100vw, 946px\" src=\"data:image\/svg+xml;base64,PHN2ZyB3aWR0aD0iMSIgaGVpZ2h0PSIxIiB4bWxucz0iaHR0cDovL3d3dy53My5vcmcvMjAwMC9zdmciPjwvc3ZnPg==\" style=\"--smush-placeholder-width: 946px; --smush-placeholder-aspect-ratio: 946\/630;\" \/><\/figure>\n\n\n\n<figure class=\"wp-block-image size-full\"><img decoding=\"async\" width=\"1023\" height=\"630\" data-attachment-id=\"121782\" data-permalink=\"https:\/\/eldiariodesanpedro.com.ar\/sitio\/excepcional-espectaculo-de-fleurs-noirs-en-la-iglesia-nuestra-senora-del-socorro\/imagen-de-whatsapp-2023-08-30-a-las-08-42-21\/\" data-orig-file=\"https:\/\/eldiariodesanpedro.com.ar\/sitio\/wp-content\/uploads\/2023\/08\/Imagen-de-WhatsApp-2023-08-30-a-las-08.42.21.jpg\" data-orig-size=\"1023,630\" data-comments-opened=\"0\" data-image-meta=\"{&quot;aperture&quot;:&quot;0&quot;,&quot;credit&quot;:&quot;&quot;,&quot;camera&quot;:&quot;&quot;,&quot;caption&quot;:&quot;&quot;,&quot;created_timestamp&quot;:&quot;0&quot;,&quot;copyright&quot;:&quot;&quot;,&quot;focal_length&quot;:&quot;0&quot;,&quot;iso&quot;:&quot;0&quot;,&quot;shutter_speed&quot;:&quot;0&quot;,&quot;title&quot;:&quot;&quot;,&quot;orientation&quot;:&quot;0&quot;}\" data-image-title=\"Imagen de WhatsApp 2023-08-30 a las 08.42.21\" data-image-description=\"\" data-image-caption=\"\" data-large-file=\"https:\/\/eldiariodesanpedro.com.ar\/sitio\/wp-content\/uploads\/2023\/08\/Imagen-de-WhatsApp-2023-08-30-a-las-08.42.21.jpg\" data-src=\"https:\/\/eldiariodesanpedro.com.ar\/sitio\/wp-content\/uploads\/2023\/08\/Imagen-de-WhatsApp-2023-08-30-a-las-08.42.21.jpg\" alt=\"\" class=\"wp-image-121782 lazyload\" data-srcset=\"https:\/\/eldiariodesanpedro.com.ar\/sitio\/wp-content\/uploads\/2023\/08\/Imagen-de-WhatsApp-2023-08-30-a-las-08.42.21.jpg 1023w, https:\/\/eldiariodesanpedro.com.ar\/sitio\/wp-content\/uploads\/2023\/08\/Imagen-de-WhatsApp-2023-08-30-a-las-08.42.21-300x185.jpg 300w, https:\/\/eldiariodesanpedro.com.ar\/sitio\/wp-content\/uploads\/2023\/08\/Imagen-de-WhatsApp-2023-08-30-a-las-08.42.21-768x473.jpg 768w\" data-sizes=\"(max-width: 1023px) 100vw, 1023px\" src=\"data:image\/svg+xml;base64,PHN2ZyB3aWR0aD0iMSIgaGVpZ2h0PSIxIiB4bWxucz0iaHR0cDovL3d3dy53My5vcmcvMjAwMC9zdmciPjwvc3ZnPg==\" style=\"--smush-placeholder-width: 1023px; --smush-placeholder-aspect-ratio: 1023\/630;\" \/><\/figure>\n","protected":false},"excerpt":{"rendered":"<p>Con la Iglesia Nuestra Se\u00f1ora del Socorro colmada se concret\u00f3 este martes por la noche la presentaci\u00f3n de Fleurs Noires, que lleg\u00f3 a la Argentina para presentar la m\u00fasica de Tangos en Aleph, el \u00faltimo disco de la orquesta y el cuarto de su producci\u00f3n, en el que cuenta con la participaci\u00f3n de Minino Garay, [&hellip;]<\/p>\n","protected":false},"author":4,"featured_media":121778,"comment_status":"closed","ping_status":"closed","sticky":false,"template":"","format":"standard","meta":{"om_disable_all_campaigns":false,"_jetpack_memberships_contains_paid_content":false,"footnotes":""},"categories":[50,101,2],"tags":[197,696,33,19],"class_list":["post-121776","post","type-post","status-publish","format-standard","has-post-thumbnail","hentry","category-destacadas","category-interes-general-locales","category-locales","tag-buenos-aires","tag-interes-general","tag-locales","tag-san-pedro"],"aioseo_notices":[],"gutentor_comment":0,"jetpack_featured_media_url":"https:\/\/eldiariodesanpedro.com.ar\/sitio\/wp-content\/uploads\/2023\/08\/Imagen-de-WhatsApp-2023-08-30-a-las-08.42.14.jpg","jetpack_shortlink":"https:\/\/wp.me\/p6RhLt-vG8","jetpack_sharing_enabled":true,"_links":{"self":[{"href":"https:\/\/eldiariodesanpedro.com.ar\/sitio\/wp-json\/wp\/v2\/posts\/121776","targetHints":{"allow":["GET"]}}],"collection":[{"href":"https:\/\/eldiariodesanpedro.com.ar\/sitio\/wp-json\/wp\/v2\/posts"}],"about":[{"href":"https:\/\/eldiariodesanpedro.com.ar\/sitio\/wp-json\/wp\/v2\/types\/post"}],"author":[{"embeddable":true,"href":"https:\/\/eldiariodesanpedro.com.ar\/sitio\/wp-json\/wp\/v2\/users\/4"}],"replies":[{"embeddable":true,"href":"https:\/\/eldiariodesanpedro.com.ar\/sitio\/wp-json\/wp\/v2\/comments?post=121776"}],"version-history":[{"count":1,"href":"https:\/\/eldiariodesanpedro.com.ar\/sitio\/wp-json\/wp\/v2\/posts\/121776\/revisions"}],"predecessor-version":[{"id":121786,"href":"https:\/\/eldiariodesanpedro.com.ar\/sitio\/wp-json\/wp\/v2\/posts\/121776\/revisions\/121786"}],"wp:featuredmedia":[{"embeddable":true,"href":"https:\/\/eldiariodesanpedro.com.ar\/sitio\/wp-json\/wp\/v2\/media\/121778"}],"wp:attachment":[{"href":"https:\/\/eldiariodesanpedro.com.ar\/sitio\/wp-json\/wp\/v2\/media?parent=121776"}],"wp:term":[{"taxonomy":"category","embeddable":true,"href":"https:\/\/eldiariodesanpedro.com.ar\/sitio\/wp-json\/wp\/v2\/categories?post=121776"},{"taxonomy":"post_tag","embeddable":true,"href":"https:\/\/eldiariodesanpedro.com.ar\/sitio\/wp-json\/wp\/v2\/tags?post=121776"}],"curies":[{"name":"wp","href":"https:\/\/api.w.org\/{rel}","templated":true}]}}