{"id":12175,"date":"2016-12-30T19:11:14","date_gmt":"2016-12-30T22:11:14","guid":{"rendered":"https:\/\/eldiariodesanpedro.com.ar\/sitio\/?p=12175"},"modified":"2016-12-30T19:11:14","modified_gmt":"2016-12-30T22:11:14","slug":"baradero-no-se-voto-el-aumento-de-tasas-por-falta-de-quorum","status":"publish","type":"post","link":"https:\/\/eldiariodesanpedro.com.ar\/sitio\/baradero-no-se-voto-el-aumento-de-tasas-por-falta-de-quorum\/","title":{"rendered":"BARADERO: No se vot\u00f3 el aumento de tasas por falta de qu\u00f3rum"},"content":{"rendered":"<p><!-- VideographyWP Plugin Message: Automatic video embedding prevented by plugin options. --><br \/>\nCon la totalidad de los concejales pero con tan solo ocho mayores contribuyentes dispuestos a sesionar, no pudo llevarse adelante la votaci\u00f3n del presupuesto 2017 ni del aumento de tasas municipales.<\/p>\n<p>Con un recinto repleto y varios militantes con bombos, se esper\u00f3 algunos minutos hasta la comunicaci\u00f3n oficial por parte de la presidencia de la imposibilidad de realizar la asamblea.<\/p>\n<p>Este jueves por la noche se prepar\u00f3 el recinto del Honorable Concejo Deliberante para llevar a cabo la Asamblea de concejales y mayores contribuyentes que deb\u00eda votar el presupuesto 2017 y el aumento de tasas propuesto por el Ejecutivo del 40%. La misma no pudo llevarse a cabo por falta de qu\u00f3rum por parte de los mayores contribuyentes.<\/p>\n<p>\u201cPor falta de qu\u00f3rum se debe levantar la sesi\u00f3n hasta la nueva convocatoria\u201d, expres\u00f3 el presidente del HCD Mart\u00edn C\u00e1rdenas.<br \/>\nFuente: tulineadirecta.com<\/p>\n","protected":false},"excerpt":{"rendered":"<p>Con la totalidad de los concejales pero con tan solo ocho mayores contribuyentes dispuestos a sesionar, no pudo llevarse adelante la votaci\u00f3n del presupuesto 2017 ni del aumento de tasas municipales. Con un recinto repleto y varios militantes con bombos, se esper\u00f3 algunos minutos hasta la comunicaci\u00f3n oficial por parte de la presidencia de la [&hellip;]<\/p>\n","protected":false},"author":4,"featured_media":12176,"comment_status":"open","ping_status":"closed","sticky":false,"template":"","format":"standard","meta":{"om_disable_all_campaigns":false,"_jetpack_memberships_contains_paid_content":false,"footnotes":""},"categories":[621],"tags":[],"class_list":["post-12175","post","type-post","status-publish","format-standard","has-post-thumbnail","hentry","category-regionales"],"aioseo_notices":[],"gutentor_comment":0,"jetpack_featured_media_url":"https:\/\/eldiariodesanpedro.com.ar\/sitio\/wp-content\/uploads\/2016\/12\/No-hubo-qu\u00f3rum-por-parte-de-mayores-contribuyentes.jpg","jetpack_shortlink":"https:\/\/wp.me\/p6RhLt-3an","jetpack_sharing_enabled":true,"_links":{"self":[{"href":"https:\/\/eldiariodesanpedro.com.ar\/sitio\/wp-json\/wp\/v2\/posts\/12175","targetHints":{"allow":["GET"]}}],"collection":[{"href":"https:\/\/eldiariodesanpedro.com.ar\/sitio\/wp-json\/wp\/v2\/posts"}],"about":[{"href":"https:\/\/eldiariodesanpedro.com.ar\/sitio\/wp-json\/wp\/v2\/types\/post"}],"author":[{"embeddable":true,"href":"https:\/\/eldiariodesanpedro.com.ar\/sitio\/wp-json\/wp\/v2\/users\/4"}],"replies":[{"embeddable":true,"href":"https:\/\/eldiariodesanpedro.com.ar\/sitio\/wp-json\/wp\/v2\/comments?post=12175"}],"version-history":[{"count":1,"href":"https:\/\/eldiariodesanpedro.com.ar\/sitio\/wp-json\/wp\/v2\/posts\/12175\/revisions"}],"predecessor-version":[{"id":12177,"href":"https:\/\/eldiariodesanpedro.com.ar\/sitio\/wp-json\/wp\/v2\/posts\/12175\/revisions\/12177"}],"wp:featuredmedia":[{"embeddable":true,"href":"https:\/\/eldiariodesanpedro.com.ar\/sitio\/wp-json\/wp\/v2\/media\/12176"}],"wp:attachment":[{"href":"https:\/\/eldiariodesanpedro.com.ar\/sitio\/wp-json\/wp\/v2\/media?parent=12175"}],"wp:term":[{"taxonomy":"category","embeddable":true,"href":"https:\/\/eldiariodesanpedro.com.ar\/sitio\/wp-json\/wp\/v2\/categories?post=12175"},{"taxonomy":"post_tag","embeddable":true,"href":"https:\/\/eldiariodesanpedro.com.ar\/sitio\/wp-json\/wp\/v2\/tags?post=12175"}],"curies":[{"name":"wp","href":"https:\/\/api.w.org\/{rel}","templated":true}]}}