{"id":121694,"date":"2023-08-28T20:28:03","date_gmt":"2023-08-28T23:28:03","guid":{"rendered":"https:\/\/eldiariodesanpedro.com.ar\/sitio\/?p=121694"},"modified":"2023-08-28T20:28:05","modified_gmt":"2023-08-28T23:28:05","slug":"rio-tala-detienen-a-delincuente-sindicado-como-participe-de-un-violento-robo","status":"publish","type":"post","link":"https:\/\/eldiariodesanpedro.com.ar\/sitio\/rio-tala-detienen-a-delincuente-sindicado-como-participe-de-un-violento-robo\/","title":{"rendered":"R\u00edo Tala: detienen a delincuente, sindicado como participe de un violento robo"},"content":{"rendered":"<!-- VideographyWP Plugin Message: Automatic video embedding prevented by plugin options. -->\n\n<p>En una acci\u00f3n conjunta, el Personal Policial del Departamento R\u00edo Tala, en colaboraci\u00f3n con el Grupo T\u00e1ctico Operativo de la Comisar\u00eda de San Pedro y la Divisi\u00f3n de Investigaciones San Pedro (D.D.I.), llevaron a cabo un allanamiento de urgencia en la localidad de R\u00edo Tala. Este operativo se realiz\u00f3 en respuesta a una solicitud emitida por la Magistratura de turno, a ra\u00edz de un delito cometido d\u00edas pasados, en el cual result\u00f3 v\u00edctima una mujer de 71 a\u00f1os.\u00a0Cabe recordar que ya hab\u00eda sido detenido un sujeto por la misma investigaci\u00f3n, d\u00edas pasados.<\/p>\n\n\n\n<p>El procedimiento tuvo lugar en la intersecci\u00f3n de la calle Sargento Cabral y las v\u00edas del ferrocarril de la mencionada localidad. El allanamiento fue impulsado por la necesidad de esclarecer el delito recientemente perpetrado y recolectar pruebas sustanciales para avanzar en la investigaci\u00f3n.<\/p>\n\n\n\n<p>Como resultado de la diligencia, las fuerzas policiales lograron la aprehensi\u00f3n de un individuo masculino de 39 a\u00f1os de edad. Este sujeto fue identificado como presunto implicado en el delito cometido. Adem\u00e1s, durante el operativo se procedi\u00f3 al secuestro de elementos considerados de inter\u00e9s para el desarrollo de la causa, que podr\u00edan arrojar luz sobre los detalles del incidente y la posible responsabilidad del detenido.<\/p>\n","protected":false},"excerpt":{"rendered":"<p>En una acci\u00f3n conjunta, el Personal Policial del Departamento R\u00edo Tala, en colaboraci\u00f3n con el Grupo T\u00e1ctico Operativo de la Comisar\u00eda de San Pedro y la Divisi\u00f3n de Investigaciones San Pedro (D.D.I.), llevaron a cabo un allanamiento de urgencia en la localidad de R\u00edo Tala. Este operativo se realiz\u00f3 en respuesta a una solicitud emitida [&hellip;]<\/p>\n","protected":false},"author":4,"featured_media":121695,"comment_status":"closed","ping_status":"closed","sticky":false,"template":"","format":"standard","meta":{"om_disable_all_campaigns":false,"_jetpack_memberships_contains_paid_content":false,"footnotes":""},"categories":[2,103],"tags":[197,33,95,19],"class_list":["post-121694","post","type-post","status-publish","format-standard","has-post-thumbnail","hentry","category-locales","category-policiales-locales","tag-buenos-aires","tag-locales","tag-policiales","tag-san-pedro"],"aioseo_notices":[],"gutentor_comment":0,"jetpack_featured_media_url":"https:\/\/eldiariodesanpedro.com.ar\/sitio\/wp-content\/uploads\/2023\/08\/detencion3.jpg","jetpack_shortlink":"https:\/\/wp.me\/p6RhLt-vEO","jetpack_sharing_enabled":true,"_links":{"self":[{"href":"https:\/\/eldiariodesanpedro.com.ar\/sitio\/wp-json\/wp\/v2\/posts\/121694","targetHints":{"allow":["GET"]}}],"collection":[{"href":"https:\/\/eldiariodesanpedro.com.ar\/sitio\/wp-json\/wp\/v2\/posts"}],"about":[{"href":"https:\/\/eldiariodesanpedro.com.ar\/sitio\/wp-json\/wp\/v2\/types\/post"}],"author":[{"embeddable":true,"href":"https:\/\/eldiariodesanpedro.com.ar\/sitio\/wp-json\/wp\/v2\/users\/4"}],"replies":[{"embeddable":true,"href":"https:\/\/eldiariodesanpedro.com.ar\/sitio\/wp-json\/wp\/v2\/comments?post=121694"}],"version-history":[{"count":1,"href":"https:\/\/eldiariodesanpedro.com.ar\/sitio\/wp-json\/wp\/v2\/posts\/121694\/revisions"}],"predecessor-version":[{"id":121696,"href":"https:\/\/eldiariodesanpedro.com.ar\/sitio\/wp-json\/wp\/v2\/posts\/121694\/revisions\/121696"}],"wp:featuredmedia":[{"embeddable":true,"href":"https:\/\/eldiariodesanpedro.com.ar\/sitio\/wp-json\/wp\/v2\/media\/121695"}],"wp:attachment":[{"href":"https:\/\/eldiariodesanpedro.com.ar\/sitio\/wp-json\/wp\/v2\/media?parent=121694"}],"wp:term":[{"taxonomy":"category","embeddable":true,"href":"https:\/\/eldiariodesanpedro.com.ar\/sitio\/wp-json\/wp\/v2\/categories?post=121694"},{"taxonomy":"post_tag","embeddable":true,"href":"https:\/\/eldiariodesanpedro.com.ar\/sitio\/wp-json\/wp\/v2\/tags?post=121694"}],"curies":[{"name":"wp","href":"https:\/\/api.w.org\/{rel}","templated":true}]}}