{"id":121691,"date":"2023-08-28T19:46:23","date_gmt":"2023-08-28T22:46:23","guid":{"rendered":"https:\/\/eldiariodesanpedro.com.ar\/sitio\/?p=121691"},"modified":"2023-08-28T19:46:24","modified_gmt":"2023-08-28T22:46:24","slug":"motociclista-sufrio-heridas-en-su-rostro-en-un-choque-en-yrigoyen-y-uruguay","status":"publish","type":"post","link":"https:\/\/eldiariodesanpedro.com.ar\/sitio\/motociclista-sufrio-heridas-en-su-rostro-en-un-choque-en-yrigoyen-y-uruguay\/","title":{"rendered":"Motociclista sufri\u00f3 heridas en su rostro en un choque en Yrigoyen y Uruguay"},"content":{"rendered":"<!-- VideographyWP Plugin Message: Automatic video embedding prevented by plugin options. -->\n\n<p><a href=\"https:\/\/canalwebsanpedro.com.ar\/motociclista-sufrio-heridas-en-su-rostro-en-un-choque-en-yrigoyen-y-uruguay\/\"><\/a>El siniestro ocurri\u00f3 el s\u00e1bado, en la intersecci\u00f3n de las calles Hip\u00f3lito Yrigoyen y Uruguay, entre una camioneta de marca Ford F 100 que llevaba tr\u00e1iler y traker, , manejada por un hombre de 34 a\u00f1os, y una motocicleta Gilera Smash de color rojo, conducida por un var\u00f3n de 26 a\u00f1os.<\/p>\n\n\n\n<p>A ra\u00edz de este choque, el conductor de la motocicleta fue llevado al hospital por una ambulancia del SAME, presentando heridas en el rostro. El caso est\u00e1 siendo tratado por la UFI 07.<\/p>\n","protected":false},"excerpt":{"rendered":"<p>El siniestro ocurri\u00f3 el s\u00e1bado, en la intersecci\u00f3n de las calles Hip\u00f3lito Yrigoyen y Uruguay, entre una camioneta de marca Ford F 100 que llevaba tr\u00e1iler y traker, , manejada por un hombre de 34 a\u00f1os, y una motocicleta Gilera Smash de color rojo, conducida por un var\u00f3n de 26 a\u00f1os. A ra\u00edz de este [&hellip;]<\/p>\n","protected":false},"author":4,"featured_media":121692,"comment_status":"closed","ping_status":"closed","sticky":false,"template":"","format":"standard","meta":{"om_disable_all_campaigns":false,"_jetpack_memberships_contains_paid_content":false,"footnotes":""},"categories":[2,103],"tags":[197,33,95,19],"class_list":["post-121691","post","type-post","status-publish","format-standard","has-post-thumbnail","hentry","category-locales","category-policiales-locales","tag-buenos-aires","tag-locales","tag-policiales","tag-san-pedro"],"aioseo_notices":[],"gutentor_comment":0,"jetpack_featured_media_url":"https:\/\/eldiariodesanpedro.com.ar\/sitio\/wp-content\/uploads\/2023\/08\/choquee.jpg","jetpack_shortlink":"https:\/\/wp.me\/p6RhLt-vEL","jetpack_sharing_enabled":true,"_links":{"self":[{"href":"https:\/\/eldiariodesanpedro.com.ar\/sitio\/wp-json\/wp\/v2\/posts\/121691","targetHints":{"allow":["GET"]}}],"collection":[{"href":"https:\/\/eldiariodesanpedro.com.ar\/sitio\/wp-json\/wp\/v2\/posts"}],"about":[{"href":"https:\/\/eldiariodesanpedro.com.ar\/sitio\/wp-json\/wp\/v2\/types\/post"}],"author":[{"embeddable":true,"href":"https:\/\/eldiariodesanpedro.com.ar\/sitio\/wp-json\/wp\/v2\/users\/4"}],"replies":[{"embeddable":true,"href":"https:\/\/eldiariodesanpedro.com.ar\/sitio\/wp-json\/wp\/v2\/comments?post=121691"}],"version-history":[{"count":1,"href":"https:\/\/eldiariodesanpedro.com.ar\/sitio\/wp-json\/wp\/v2\/posts\/121691\/revisions"}],"predecessor-version":[{"id":121693,"href":"https:\/\/eldiariodesanpedro.com.ar\/sitio\/wp-json\/wp\/v2\/posts\/121691\/revisions\/121693"}],"wp:featuredmedia":[{"embeddable":true,"href":"https:\/\/eldiariodesanpedro.com.ar\/sitio\/wp-json\/wp\/v2\/media\/121692"}],"wp:attachment":[{"href":"https:\/\/eldiariodesanpedro.com.ar\/sitio\/wp-json\/wp\/v2\/media?parent=121691"}],"wp:term":[{"taxonomy":"category","embeddable":true,"href":"https:\/\/eldiariodesanpedro.com.ar\/sitio\/wp-json\/wp\/v2\/categories?post=121691"},{"taxonomy":"post_tag","embeddable":true,"href":"https:\/\/eldiariodesanpedro.com.ar\/sitio\/wp-json\/wp\/v2\/tags?post=121691"}],"curies":[{"name":"wp","href":"https:\/\/api.w.org\/{rel}","templated":true}]}}