{"id":121655,"date":"2023-08-25T21:24:28","date_gmt":"2023-08-26T00:24:28","guid":{"rendered":"https:\/\/eldiariodesanpedro.com.ar\/sitio\/?p=121655"},"modified":"2023-08-25T21:24:30","modified_gmt":"2023-08-26T00:24:30","slug":"una-mujer-de-71-anos-fue-asaltada-y-maniatada-durante-la-madrugada-en-rio-tala","status":"publish","type":"post","link":"https:\/\/eldiariodesanpedro.com.ar\/sitio\/una-mujer-de-71-anos-fue-asaltada-y-maniatada-durante-la-madrugada-en-rio-tala\/","title":{"rendered":"Una mujer de 71 a\u00f1os fue asaltada y maniatada durante la madrugada en R\u00edo Tala"},"content":{"rendered":"<!-- VideographyWP Plugin Message: Automatic video embedding prevented by plugin options. -->\n\n<p>Un robo ocurri\u00f3 esta madrugada en una casa en Juan de Garay 701, R\u00edo Tala. Una persona mayor de 71 a\u00f1os fue sorprendida a las 4.30 AM mientras dorm\u00eda por dos individuos. Los delincuentes la amenazaron y la dejaron maniatada. Los intrusos se llevaron dinero en efectivo, un televisor, joyas de plata y un tel\u00e9fono m\u00f3vil. Afortunadamente, la v\u00edctima no sufri\u00f3 heridas graves y pudo pedir ayuda.<\/p>\n\n\n\n<p>La polic\u00eda actu\u00f3 r\u00e1pidamente, y con la ayuda de la tecnolog\u00eda, localiz\u00f3 el tel\u00e9fono robado. La Fiscal\u00eda 7 solicit\u00f3 allanamientos que fueron aprobados por el Juzgado de Garant\u00edas 3 Departamental. Durante la ma\u00f1ana, se llevaron a cabo tres operativos. En la primera ubicaci\u00f3n, no se encontraron pruebas relevantes. Sin embargo, en Sargento Cabral y las v\u00edas del ferrocarril, se detuvo a uno de los sospechosos, un hombre de 39 a\u00f1os. En el lugar, se encontr\u00f3 ropa posiblemente relacionada con el crimen. La b\u00fasqueda del segundo sospechoso en una propiedad cercana a la ex Ruta 9 a\u00fan no ha dado resultados positivos.<\/p>\n","protected":false},"excerpt":{"rendered":"<p>Un robo ocurri\u00f3 esta madrugada en una casa en Juan de Garay 701, R\u00edo Tala. Una persona mayor de 71 a\u00f1os fue sorprendida a las 4.30 AM mientras dorm\u00eda por dos individuos. Los delincuentes la amenazaron y la dejaron maniatada. Los intrusos se llevaron dinero en efectivo, un televisor, joyas de plata y un tel\u00e9fono [&hellip;]<\/p>\n","protected":false},"author":4,"featured_media":21853,"comment_status":"closed","ping_status":"closed","sticky":false,"template":"","format":"standard","meta":{"om_disable_all_campaigns":false,"_jetpack_memberships_contains_paid_content":false,"footnotes":""},"categories":[50,2,103],"tags":[197,33,95,19],"class_list":["post-121655","post","type-post","status-publish","format-standard","has-post-thumbnail","hentry","category-destacadas","category-locales","category-policiales-locales","tag-buenos-aires","tag-locales","tag-policiales","tag-san-pedro"],"aioseo_notices":[],"gutentor_comment":0,"jetpack_featured_media_url":"https:\/\/eldiariodesanpedro.com.ar\/sitio\/wp-content\/uploads\/2017\/08\/destacamento-policial-rio-tala.jpg","jetpack_shortlink":"https:\/\/wp.me\/p6RhLt-vEb","jetpack_sharing_enabled":true,"_links":{"self":[{"href":"https:\/\/eldiariodesanpedro.com.ar\/sitio\/wp-json\/wp\/v2\/posts\/121655","targetHints":{"allow":["GET"]}}],"collection":[{"href":"https:\/\/eldiariodesanpedro.com.ar\/sitio\/wp-json\/wp\/v2\/posts"}],"about":[{"href":"https:\/\/eldiariodesanpedro.com.ar\/sitio\/wp-json\/wp\/v2\/types\/post"}],"author":[{"embeddable":true,"href":"https:\/\/eldiariodesanpedro.com.ar\/sitio\/wp-json\/wp\/v2\/users\/4"}],"replies":[{"embeddable":true,"href":"https:\/\/eldiariodesanpedro.com.ar\/sitio\/wp-json\/wp\/v2\/comments?post=121655"}],"version-history":[{"count":1,"href":"https:\/\/eldiariodesanpedro.com.ar\/sitio\/wp-json\/wp\/v2\/posts\/121655\/revisions"}],"predecessor-version":[{"id":121656,"href":"https:\/\/eldiariodesanpedro.com.ar\/sitio\/wp-json\/wp\/v2\/posts\/121655\/revisions\/121656"}],"wp:featuredmedia":[{"embeddable":true,"href":"https:\/\/eldiariodesanpedro.com.ar\/sitio\/wp-json\/wp\/v2\/media\/21853"}],"wp:attachment":[{"href":"https:\/\/eldiariodesanpedro.com.ar\/sitio\/wp-json\/wp\/v2\/media?parent=121655"}],"wp:term":[{"taxonomy":"category","embeddable":true,"href":"https:\/\/eldiariodesanpedro.com.ar\/sitio\/wp-json\/wp\/v2\/categories?post=121655"},{"taxonomy":"post_tag","embeddable":true,"href":"https:\/\/eldiariodesanpedro.com.ar\/sitio\/wp-json\/wp\/v2\/tags?post=121655"}],"curies":[{"name":"wp","href":"https:\/\/api.w.org\/{rel}","templated":true}]}}