{"id":12165,"date":"2016-12-30T13:01:23","date_gmt":"2016-12-30T16:01:23","guid":{"rendered":"https:\/\/eldiariodesanpedro.com.ar\/sitio\/?p=12165"},"modified":"2016-12-30T15:24:29","modified_gmt":"2016-12-30T18:24:29","slug":"gdor-castro-se-hizo-entrega-de-un-grupo-electrogeno-y-una-hidrolavadora-al-hospital","status":"publish","type":"post","link":"https:\/\/eldiariodesanpedro.com.ar\/sitio\/gdor-castro-se-hizo-entrega-de-un-grupo-electrogeno-y-una-hidrolavadora-al-hospital\/","title":{"rendered":"Gdor. Castro: se hizo entrega de un grupo electr\u00f3geno y una hidrolavadora al hospital"},"content":{"rendered":"<p><!-- VideographyWP Plugin Message: Automatic video embedding prevented by plugin options. --><br \/>\nEl Intendente Cecilio Salazar estuvo en el Hospital de Gobernador Castro donde entreg\u00f3 un equipo electr\u00f3geno y una hidrolavadora, ambas herramientas fueron adquiridas con dinero proveniente del Plan Sumar.<\/p>\n<p>Acompa\u00f1ado por su Secretario de Legal y T\u00e9cnica Ram\u00f3n Salazar y por el titular del CDR Jos\u00e9 Franchini, el Jefe Comunal destac\u00f3 la labor de los empleados del \u00e1rea de salud que recuperaron tanto los hospitales del partido como las salitas de salud.<\/p>\n<p>En el nosocomio de Gobernador Castro avanzan firmemente las obras que se llevan a cabo en la guardia, las mismas ser\u00e1n inauguradas en las pr\u00f3ximas semanas. Esto bridar\u00e1 mayor espacio y comodidad a los pacientes.<\/p>\n","protected":false},"excerpt":{"rendered":"<p>El Intendente Cecilio Salazar estuvo en el Hospital de Gobernador Castro donde entreg\u00f3 un equipo electr\u00f3geno y una hidrolavadora, ambas herramientas fueron adquiridas con dinero proveniente del Plan Sumar. Acompa\u00f1ado por su Secretario de Legal y T\u00e9cnica Ram\u00f3n Salazar y por el titular del CDR Jos\u00e9 Franchini, el Jefe Comunal destac\u00f3 la labor de los [&hellip;]<\/p>\n","protected":false},"author":4,"featured_media":12166,"comment_status":"open","ping_status":"closed","sticky":false,"template":"","format":"standard","meta":{"om_disable_all_campaigns":false,"_jetpack_memberships_contains_paid_content":false,"footnotes":""},"categories":[50,2,102],"tags":[],"class_list":["post-12165","post","type-post","status-publish","format-standard","has-post-thumbnail","hentry","category-destacadas","category-locales","category-politica-locales"],"aioseo_notices":[],"gutentor_comment":0,"jetpack_featured_media_url":"https:\/\/eldiariodesanpedro.com.ar\/sitio\/wp-content\/uploads\/2016\/12\/gobernador-2.jpeg","jetpack_shortlink":"https:\/\/wp.me\/p6RhLt-3ad","jetpack_sharing_enabled":true,"_links":{"self":[{"href":"https:\/\/eldiariodesanpedro.com.ar\/sitio\/wp-json\/wp\/v2\/posts\/12165","targetHints":{"allow":["GET"]}}],"collection":[{"href":"https:\/\/eldiariodesanpedro.com.ar\/sitio\/wp-json\/wp\/v2\/posts"}],"about":[{"href":"https:\/\/eldiariodesanpedro.com.ar\/sitio\/wp-json\/wp\/v2\/types\/post"}],"author":[{"embeddable":true,"href":"https:\/\/eldiariodesanpedro.com.ar\/sitio\/wp-json\/wp\/v2\/users\/4"}],"replies":[{"embeddable":true,"href":"https:\/\/eldiariodesanpedro.com.ar\/sitio\/wp-json\/wp\/v2\/comments?post=12165"}],"version-history":[{"count":2,"href":"https:\/\/eldiariodesanpedro.com.ar\/sitio\/wp-json\/wp\/v2\/posts\/12165\/revisions"}],"predecessor-version":[{"id":12169,"href":"https:\/\/eldiariodesanpedro.com.ar\/sitio\/wp-json\/wp\/v2\/posts\/12165\/revisions\/12169"}],"wp:featuredmedia":[{"embeddable":true,"href":"https:\/\/eldiariodesanpedro.com.ar\/sitio\/wp-json\/wp\/v2\/media\/12166"}],"wp:attachment":[{"href":"https:\/\/eldiariodesanpedro.com.ar\/sitio\/wp-json\/wp\/v2\/media?parent=12165"}],"wp:term":[{"taxonomy":"category","embeddable":true,"href":"https:\/\/eldiariodesanpedro.com.ar\/sitio\/wp-json\/wp\/v2\/categories?post=12165"},{"taxonomy":"post_tag","embeddable":true,"href":"https:\/\/eldiariodesanpedro.com.ar\/sitio\/wp-json\/wp\/v2\/tags?post=12165"}],"curies":[{"name":"wp","href":"https:\/\/api.w.org\/{rel}","templated":true}]}}