{"id":121649,"date":"2023-08-25T21:15:07","date_gmt":"2023-08-26T00:15:07","guid":{"rendered":"https:\/\/eldiariodesanpedro.com.ar\/sitio\/?p=121649"},"modified":"2023-08-25T21:16:06","modified_gmt":"2023-08-26T00:16:06","slug":"se-robo-desodorantes-y-shampoo-quedando-registrado-por-las-camaras-de-seguridad","status":"publish","type":"post","link":"https:\/\/eldiariodesanpedro.com.ar\/sitio\/se-robo-desodorantes-y-shampoo-quedando-registrado-por-las-camaras-de-seguridad\/","title":{"rendered":"Se robo desodorantes y shampoo, quedando registrado por las c\u00e1maras de seguridad"},"content":{"rendered":"<!-- VideographyWP Plugin Message: Automatic video embedding prevented by plugin options. -->\n\n<p>En la jornada de ayer, un comercio en la intersecci\u00f3n de las calles Ruiz Moreno y Salta, bajo el nombre de \u00abQuinta Fresca\u00bb, report\u00f3 a trav\u00e9s de sus redes sociales un incidente registrado en las c\u00e1maras de seguridad. El incidente involucr\u00f3 la apropiaci\u00f3n il\u00edcita de productos por parte de un individuo joven.<\/p>\n\n\n\n<p>En el material visual compartido, se observa al joven ingresando al establecimiento con aparentes intenciones de compra. Dirigi\u00e9ndose hacia la secci\u00f3n de art\u00edculos de perfumer\u00eda y limpieza, el individuo sustrajo discretamente varios art\u00edculos, incluyendo desodorantes y shampoo, que ocult\u00f3 entre sus prendas.<\/p>\n\n\n\n<p>Un detalle destacable de la grabaci\u00f3n es que, antes de esconder los productos, el sujeto mir\u00f3 detenidamente hacia las c\u00e1maras de seguridad sin aparentar preocupaci\u00f3n alguna.<\/p>\n\n\n\n<iframe data-src=\"https:\/\/www.facebook.com\/plugins\/video.php?height=314&#038;href=https%3A%2F%2Fwww.facebook.com%2Fdiariosp2%2Fvideos%2F1193205038757509%2F&#038;show_text=false&#038;width=560&#038;t=0\" width=\"560\" height=\"314\" style=\"border:none;overflow:hidden\" scrolling=\"no\" frameborder=\"0\" allowfullscreen=\"true\" allow=\"autoplay; clipboard-write; encrypted-media; picture-in-picture; web-share\" allowFullScreen=\"true\" src=\"data:image\/svg+xml;base64,PHN2ZyB3aWR0aD0iMSIgaGVpZ2h0PSIxIiB4bWxucz0iaHR0cDovL3d3dy53My5vcmcvMjAwMC9zdmciPjwvc3ZnPg==\" class=\"lazyload\" data-load-mode=\"1\"><\/iframe>\n","protected":false},"excerpt":{"rendered":"<p>En la jornada de ayer, un comercio en la intersecci\u00f3n de las calles Ruiz Moreno y Salta, bajo el nombre de \u00abQuinta Fresca\u00bb, report\u00f3 a trav\u00e9s de sus redes sociales un incidente registrado en las c\u00e1maras de seguridad. El incidente involucr\u00f3 la apropiaci\u00f3n il\u00edcita de productos por parte de un individuo joven. En el material [&hellip;]<\/p>\n","protected":false},"author":4,"featured_media":121650,"comment_status":"closed","ping_status":"closed","sticky":false,"template":"","format":"standard","meta":{"om_disable_all_campaigns":false,"_jetpack_memberships_contains_paid_content":false,"footnotes":""},"categories":[50,2,103],"tags":[197,696,33,19],"class_list":["post-121649","post","type-post","status-publish","format-standard","has-post-thumbnail","hentry","category-destacadas","category-locales","category-policiales-locales","tag-buenos-aires","tag-interes-general","tag-locales","tag-san-pedro"],"aioseo_notices":[],"gutentor_comment":0,"jetpack_featured_media_url":"https:\/\/eldiariodesanpedro.com.ar\/sitio\/wp-content\/uploads\/2023\/08\/medida-32.png","jetpack_shortlink":"https:\/\/wp.me\/p6RhLt-vE5","jetpack_sharing_enabled":true,"_links":{"self":[{"href":"https:\/\/eldiariodesanpedro.com.ar\/sitio\/wp-json\/wp\/v2\/posts\/121649","targetHints":{"allow":["GET"]}}],"collection":[{"href":"https:\/\/eldiariodesanpedro.com.ar\/sitio\/wp-json\/wp\/v2\/posts"}],"about":[{"href":"https:\/\/eldiariodesanpedro.com.ar\/sitio\/wp-json\/wp\/v2\/types\/post"}],"author":[{"embeddable":true,"href":"https:\/\/eldiariodesanpedro.com.ar\/sitio\/wp-json\/wp\/v2\/users\/4"}],"replies":[{"embeddable":true,"href":"https:\/\/eldiariodesanpedro.com.ar\/sitio\/wp-json\/wp\/v2\/comments?post=121649"}],"version-history":[{"count":2,"href":"https:\/\/eldiariodesanpedro.com.ar\/sitio\/wp-json\/wp\/v2\/posts\/121649\/revisions"}],"predecessor-version":[{"id":121653,"href":"https:\/\/eldiariodesanpedro.com.ar\/sitio\/wp-json\/wp\/v2\/posts\/121649\/revisions\/121653"}],"wp:featuredmedia":[{"embeddable":true,"href":"https:\/\/eldiariodesanpedro.com.ar\/sitio\/wp-json\/wp\/v2\/media\/121650"}],"wp:attachment":[{"href":"https:\/\/eldiariodesanpedro.com.ar\/sitio\/wp-json\/wp\/v2\/media?parent=121649"}],"wp:term":[{"taxonomy":"category","embeddable":true,"href":"https:\/\/eldiariodesanpedro.com.ar\/sitio\/wp-json\/wp\/v2\/categories?post=121649"},{"taxonomy":"post_tag","embeddable":true,"href":"https:\/\/eldiariodesanpedro.com.ar\/sitio\/wp-json\/wp\/v2\/tags?post=121649"}],"curies":[{"name":"wp","href":"https:\/\/api.w.org\/{rel}","templated":true}]}}