{"id":121643,"date":"2023-08-25T20:21:16","date_gmt":"2023-08-25T23:21:16","guid":{"rendered":"https:\/\/eldiariodesanpedro.com.ar\/sitio\/?p=121643"},"modified":"2023-08-25T20:21:18","modified_gmt":"2023-08-25T23:21:18","slug":"la-defensa-de-los-detenidos-en-el-caso-naiara-cuestiona-la-contundencia-de-las-pruebas-presentadas","status":"publish","type":"post","link":"https:\/\/eldiariodesanpedro.com.ar\/sitio\/la-defensa-de-los-detenidos-en-el-caso-naiara-cuestiona-la-contundencia-de-las-pruebas-presentadas\/","title":{"rendered":"La defensa de los detenidos en el caso Naiara cuestiona la contundencia de las pruebas presentadas"},"content":{"rendered":"<!-- VideographyWP Plugin Message: Automatic video embedding prevented by plugin options. -->\n\n<p>Contin\u00faa la investigaci\u00f3n por el asesinato de Naiara Dur\u00e1n, con tres sospechosos detenidos. Francisco Vlaeminck y Daiana Franco est\u00e1n se\u00f1alados por el homicidio, mientras que Mario Franco es investigado por posible encubrimiento, al parecer relacionado con el traslado y ocultamiento del cuerpo. Naiara Franco desapareci\u00f3 el 13 de agosto y fue hallada sin vida el 17 de agosto en el riacho San Pedro. El cuerpo estaba envuelto en una lona y dentro de un tanque tambor sellado. Las pruebas indican al menos 5 pu\u00f1aladas durante el ataque.<\/p>\n\n\n\n<p>Adolfo Su\u00e1rez Erdaire, abogado defensor de los detenidos, mencion\u00f3 respeto por la investigaci\u00f3n de la Fiscal\u00eda. Afirm\u00f3 que existen pruebas publicadas y otras bajo secreto de sumario. Seg\u00fan \u00e9l, las pruebas actuales no son s\u00f3lidas ni suficientes. El abogado solicit\u00f3 la liberaci\u00f3n de Mario Franco debido a su edad y salud. Tambi\u00e9n consider\u00f3 a los otros dos detenidos como trabajadores arraigados en la comunidad, sin historial criminal.<\/p>\n\n\n\n<p>Su\u00e1rez Erdaire destac\u00f3 la delicadeza del caso y la necesidad de evitar conclusiones apresuradas. Sobre las muestras de sangre halladas en la vivienda de los acusados, mencion\u00f3 que no hay un ADN definitivo y que la cantidad de manchas no es concluyente para establecer un crimen. Respecto al material de las c\u00e1maras de seguridad, indic\u00f3 que requiere un an\u00e1lisis m\u00e1s profundo, ya que faltan horas de grabaci\u00f3n por revisar. Anunci\u00f3 la presentaci\u00f3n de un perito para examinar las im\u00e1genes y determinar si Naiara sali\u00f3 de la casa sin ser registrada. En \u00faltima instancia, afirm\u00f3 que las pruebas actuales no respaldan la culpabilidad de Daiana, Francisco y Mario en el caso.<\/p>\n","protected":false},"excerpt":{"rendered":"<p>Contin\u00faa la investigaci\u00f3n por el asesinato de Naiara Dur\u00e1n, con tres sospechosos detenidos. Francisco Vlaeminck y Daiana Franco est\u00e1n se\u00f1alados por el homicidio, mientras que Mario Franco es investigado por posible encubrimiento, al parecer relacionado con el traslado y ocultamiento del cuerpo. Naiara Franco desapareci\u00f3 el 13 de agosto y fue hallada sin vida el [&hellip;]<\/p>\n","protected":false},"author":4,"featured_media":121644,"comment_status":"closed","ping_status":"closed","sticky":false,"template":"","format":"standard","meta":{"om_disable_all_campaigns":false,"_jetpack_memberships_contains_paid_content":false,"footnotes":""},"categories":[50,101,2],"tags":[],"class_list":["post-121643","post","type-post","status-publish","format-standard","has-post-thumbnail","hentry","category-destacadas","category-interes-general-locales","category-locales"],"aioseo_notices":[],"gutentor_comment":0,"jetpack_featured_media_url":"https:\/\/eldiariodesanpedro.com.ar\/sitio\/wp-content\/uploads\/2023\/08\/0000022116-resized-1920x1080-1.jpg","jetpack_shortlink":"https:\/\/wp.me\/p6RhLt-vDZ","jetpack_sharing_enabled":true,"_links":{"self":[{"href":"https:\/\/eldiariodesanpedro.com.ar\/sitio\/wp-json\/wp\/v2\/posts\/121643","targetHints":{"allow":["GET"]}}],"collection":[{"href":"https:\/\/eldiariodesanpedro.com.ar\/sitio\/wp-json\/wp\/v2\/posts"}],"about":[{"href":"https:\/\/eldiariodesanpedro.com.ar\/sitio\/wp-json\/wp\/v2\/types\/post"}],"author":[{"embeddable":true,"href":"https:\/\/eldiariodesanpedro.com.ar\/sitio\/wp-json\/wp\/v2\/users\/4"}],"replies":[{"embeddable":true,"href":"https:\/\/eldiariodesanpedro.com.ar\/sitio\/wp-json\/wp\/v2\/comments?post=121643"}],"version-history":[{"count":1,"href":"https:\/\/eldiariodesanpedro.com.ar\/sitio\/wp-json\/wp\/v2\/posts\/121643\/revisions"}],"predecessor-version":[{"id":121645,"href":"https:\/\/eldiariodesanpedro.com.ar\/sitio\/wp-json\/wp\/v2\/posts\/121643\/revisions\/121645"}],"wp:featuredmedia":[{"embeddable":true,"href":"https:\/\/eldiariodesanpedro.com.ar\/sitio\/wp-json\/wp\/v2\/media\/121644"}],"wp:attachment":[{"href":"https:\/\/eldiariodesanpedro.com.ar\/sitio\/wp-json\/wp\/v2\/media?parent=121643"}],"wp:term":[{"taxonomy":"category","embeddable":true,"href":"https:\/\/eldiariodesanpedro.com.ar\/sitio\/wp-json\/wp\/v2\/categories?post=121643"},{"taxonomy":"post_tag","embeddable":true,"href":"https:\/\/eldiariodesanpedro.com.ar\/sitio\/wp-json\/wp\/v2\/tags?post=121643"}],"curies":[{"name":"wp","href":"https:\/\/api.w.org\/{rel}","templated":true}]}}