{"id":121640,"date":"2023-08-25T20:09:25","date_gmt":"2023-08-25T23:09:25","guid":{"rendered":"https:\/\/eldiariodesanpedro.com.ar\/sitio\/?p=121640"},"modified":"2023-08-28T10:08:04","modified_gmt":"2023-08-28T13:08:04","slug":"expertos-analizaran-evidencia-del-vehiculo-de-la-familia-franco-en-el-caso-naiara-duran","status":"publish","type":"post","link":"https:\/\/eldiariodesanpedro.com.ar\/sitio\/expertos-analizaran-evidencia-del-vehiculo-de-la-familia-franco-en-el-caso-naiara-duran\/","title":{"rendered":"Expertos analizar\u00e1n evidencia del veh\u00edculo de la familia Franco en el caso Naiara Dur\u00e1n"},"content":{"rendered":"<!-- VideographyWP Plugin Message: Automatic video embedding prevented by plugin options. -->\n\n<p>Un grupo de peritos investigar\u00e1 los rastros recolectados por la Polic\u00eda Cient\u00edfica para determinar si uno de los autos incautados transport\u00f3 el cuerpo de Naiara Dur\u00e1n. Las manchas de tierra en el autom\u00f3vil Renault 11 ser\u00e1n comparadas con la tierra en la zona costera donde se encontr\u00f3 el cuerpo en un riacho.<\/p>\n\n\n\n<p>La atenci\u00f3n se centra en un veh\u00edculo propiedad de Mario Franco, sospechoso de haber utilizado el autom\u00f3vil para llevar el cuerpo hasta el riacho. Se cree que el veh\u00edculo realiz\u00f3 m\u00faltiples viajes el 14 de agosto desde la casa donde Naiara fue vista por \u00faltima vez.<\/p>\n\n\n\n<p>Tres personas est\u00e1n detenidas en relaci\u00f3n con el caso: Francisco Vlaeminck (32 a\u00f1os), expareja de Naiara; Daiana Franco (35), actual esposa de Vlaeminck; y Mario Franco (73), padre de la v\u00edctima. Tambi\u00e9n se sospecha de la hermana menor de las Franco, de 24 a\u00f1os, quien viv\u00eda en el lugar donde se encontraron manchas de sangre.<\/p>\n","protected":false},"excerpt":{"rendered":"<p>Un grupo de peritos investigar\u00e1 los rastros recolectados por la Polic\u00eda Cient\u00edfica para determinar si uno de los autos incautados transport\u00f3 el cuerpo de Naiara Dur\u00e1n. Las manchas de tierra en el autom\u00f3vil Renault 11 ser\u00e1n comparadas con la tierra en la zona costera donde se encontr\u00f3 el cuerpo en un riacho. La atenci\u00f3n se [&hellip;]<\/p>\n","protected":false},"author":4,"featured_media":121641,"comment_status":"closed","ping_status":"closed","sticky":false,"template":"","format":"standard","meta":{"om_disable_all_campaigns":false,"_jetpack_memberships_contains_paid_content":false,"footnotes":""},"categories":[50,101,2],"tags":[197,696,33,19],"class_list":["post-121640","post","type-post","status-publish","format-standard","has-post-thumbnail","hentry","category-destacadas","category-interes-general-locales","category-locales","tag-buenos-aires","tag-interes-general","tag-locales","tag-san-pedro"],"aioseo_notices":[],"gutentor_comment":0,"jetpack_featured_media_url":"https:\/\/eldiariodesanpedro.com.ar\/sitio\/wp-content\/uploads\/2023\/08\/0000022131-resized-1920x1080-1.jpg","jetpack_shortlink":"https:\/\/wp.me\/p6RhLt-vDW","jetpack_sharing_enabled":true,"_links":{"self":[{"href":"https:\/\/eldiariodesanpedro.com.ar\/sitio\/wp-json\/wp\/v2\/posts\/121640","targetHints":{"allow":["GET"]}}],"collection":[{"href":"https:\/\/eldiariodesanpedro.com.ar\/sitio\/wp-json\/wp\/v2\/posts"}],"about":[{"href":"https:\/\/eldiariodesanpedro.com.ar\/sitio\/wp-json\/wp\/v2\/types\/post"}],"author":[{"embeddable":true,"href":"https:\/\/eldiariodesanpedro.com.ar\/sitio\/wp-json\/wp\/v2\/users\/4"}],"replies":[{"embeddable":true,"href":"https:\/\/eldiariodesanpedro.com.ar\/sitio\/wp-json\/wp\/v2\/comments?post=121640"}],"version-history":[{"count":2,"href":"https:\/\/eldiariodesanpedro.com.ar\/sitio\/wp-json\/wp\/v2\/posts\/121640\/revisions"}],"predecessor-version":[{"id":121659,"href":"https:\/\/eldiariodesanpedro.com.ar\/sitio\/wp-json\/wp\/v2\/posts\/121640\/revisions\/121659"}],"wp:featuredmedia":[{"embeddable":true,"href":"https:\/\/eldiariodesanpedro.com.ar\/sitio\/wp-json\/wp\/v2\/media\/121641"}],"wp:attachment":[{"href":"https:\/\/eldiariodesanpedro.com.ar\/sitio\/wp-json\/wp\/v2\/media?parent=121640"}],"wp:term":[{"taxonomy":"category","embeddable":true,"href":"https:\/\/eldiariodesanpedro.com.ar\/sitio\/wp-json\/wp\/v2\/categories?post=121640"},{"taxonomy":"post_tag","embeddable":true,"href":"https:\/\/eldiariodesanpedro.com.ar\/sitio\/wp-json\/wp\/v2\/tags?post=121640"}],"curies":[{"name":"wp","href":"https:\/\/api.w.org\/{rel}","templated":true}]}}