{"id":121638,"date":"2023-08-25T20:03:23","date_gmt":"2023-08-25T23:03:23","guid":{"rendered":"https:\/\/eldiariodesanpedro.com.ar\/sitio\/?p=121638"},"modified":"2023-08-25T20:03:26","modified_gmt":"2023-08-25T23:03:26","slug":"los-jueces-ratificaron-la-sentencia-contra-el-sacerdote-tulio-mattiussi-y-el-portero-anselmo-ojeda","status":"publish","type":"post","link":"https:\/\/eldiariodesanpedro.com.ar\/sitio\/los-jueces-ratificaron-la-sentencia-contra-el-sacerdote-tulio-mattiussi-y-el-portero-anselmo-ojeda\/","title":{"rendered":"Los jueces  ratificaron la sentencia contra el sacerdote Tulio Mattiussi y el portero Anselmo Ojeda"},"content":{"rendered":"<!-- VideographyWP Plugin Message: Automatic video embedding prevented by plugin options. -->\n\n<p>Tras seguir los procedimientos judiciales habituales, se ha revelado la decisi\u00f3n tomada por la C\u00e1mara de Casaci\u00f3n respecto a los eventos ocurridos en el jard\u00edn Bel\u00e9n, los cuales fueron denunciados hace cinco a\u00f1os.<\/p>\n\n\n\n<p>Los jueces del tribunal confirmaron la sentencia contra el sacerdote Tulio Mattiussi y el portero Anselmo Ojeda. Ambos hab\u00edan sido inicialmente condenados el a\u00f1o pasado a una pena de 15 a\u00f1os de prisi\u00f3n en la primera instancia.<\/p>\n\n\n\n<p>Casaci\u00f3n subray\u00f3, entre otros aspectos, que \u00abla evaluaci\u00f3n realizada por el Tribunal es coherente con las leyes de la l\u00f3gica, la psicolog\u00eda y el sentido com\u00fan\u00bb, y que existe \u00abconcordancia en la informaci\u00f3n proporcionada por todos los ni\u00f1os y testigos, lo que crea un conjunto de indicadores serios, m\u00faltiples y concordantes que respaldan la conclusi\u00f3n\u00bb.<\/p>\n","protected":false},"excerpt":{"rendered":"<p>Tras seguir los procedimientos judiciales habituales, se ha revelado la decisi\u00f3n tomada por la C\u00e1mara de Casaci\u00f3n respecto a los eventos ocurridos en el jard\u00edn Bel\u00e9n, los cuales fueron denunciados hace cinco a\u00f1os. Los jueces del tribunal confirmaron la sentencia contra el sacerdote Tulio Mattiussi y el portero Anselmo Ojeda. Ambos hab\u00edan sido inicialmente condenados [&hellip;]<\/p>\n","protected":false},"author":4,"featured_media":53931,"comment_status":"closed","ping_status":"closed","sticky":false,"template":"","format":"standard","meta":{"om_disable_all_campaigns":false,"_jetpack_memberships_contains_paid_content":false,"footnotes":""},"categories":[50,101,2],"tags":[197,696,33,19],"class_list":["post-121638","post","type-post","status-publish","format-standard","has-post-thumbnail","hentry","category-destacadas","category-interes-general-locales","category-locales","tag-buenos-aires","tag-interes-general","tag-locales","tag-san-pedro"],"aioseo_notices":[],"gutentor_comment":0,"jetpack_featured_media_url":"https:\/\/eldiariodesanpedro.com.ar\/sitio\/wp-content\/uploads\/2019\/06\/0.jpg","jetpack_shortlink":"https:\/\/wp.me\/p6RhLt-vDU","jetpack_sharing_enabled":true,"_links":{"self":[{"href":"https:\/\/eldiariodesanpedro.com.ar\/sitio\/wp-json\/wp\/v2\/posts\/121638","targetHints":{"allow":["GET"]}}],"collection":[{"href":"https:\/\/eldiariodesanpedro.com.ar\/sitio\/wp-json\/wp\/v2\/posts"}],"about":[{"href":"https:\/\/eldiariodesanpedro.com.ar\/sitio\/wp-json\/wp\/v2\/types\/post"}],"author":[{"embeddable":true,"href":"https:\/\/eldiariodesanpedro.com.ar\/sitio\/wp-json\/wp\/v2\/users\/4"}],"replies":[{"embeddable":true,"href":"https:\/\/eldiariodesanpedro.com.ar\/sitio\/wp-json\/wp\/v2\/comments?post=121638"}],"version-history":[{"count":1,"href":"https:\/\/eldiariodesanpedro.com.ar\/sitio\/wp-json\/wp\/v2\/posts\/121638\/revisions"}],"predecessor-version":[{"id":121639,"href":"https:\/\/eldiariodesanpedro.com.ar\/sitio\/wp-json\/wp\/v2\/posts\/121638\/revisions\/121639"}],"wp:featuredmedia":[{"embeddable":true,"href":"https:\/\/eldiariodesanpedro.com.ar\/sitio\/wp-json\/wp\/v2\/media\/53931"}],"wp:attachment":[{"href":"https:\/\/eldiariodesanpedro.com.ar\/sitio\/wp-json\/wp\/v2\/media?parent=121638"}],"wp:term":[{"taxonomy":"category","embeddable":true,"href":"https:\/\/eldiariodesanpedro.com.ar\/sitio\/wp-json\/wp\/v2\/categories?post=121638"},{"taxonomy":"post_tag","embeddable":true,"href":"https:\/\/eldiariodesanpedro.com.ar\/sitio\/wp-json\/wp\/v2\/tags?post=121638"}],"curies":[{"name":"wp","href":"https:\/\/api.w.org\/{rel}","templated":true}]}}