{"id":121633,"date":"2023-08-25T19:43:01","date_gmt":"2023-08-25T22:43:01","guid":{"rendered":"https:\/\/eldiariodesanpedro.com.ar\/sitio\/?p=121633"},"modified":"2023-08-25T19:43:02","modified_gmt":"2023-08-25T22:43:02","slug":"jornadas-sobre-cannabis-medicinal-en-la-universidad-del-sudoeste-de-pigue","status":"publish","type":"post","link":"https:\/\/eldiariodesanpedro.com.ar\/sitio\/jornadas-sobre-cannabis-medicinal-en-la-universidad-del-sudoeste-de-pigue\/","title":{"rendered":"Jornadas sobre cannabis medicinal en la Universidad del Sudoeste de Pig\u00fc\u00e9"},"content":{"rendered":"<!-- VideographyWP Plugin Message: Automatic video embedding prevented by plugin options. -->\n\n<p>El proyecto conjunto que se lleva adelante en San Pedro, a trav\u00e9s de la empresa LCA, el INTA y la Municipalidad, fue parte este viernes, en la 2da Jornada I + D, sobre Cannabis Medicinal y C\u00e1\u00f1amo en la Industria.<\/p>\n\n\n\n<p>En la sede Pig\u00fc\u00e9 de la Universidad Provincial del Sudoeste, representantes del sector cient\u00edfico, referentes del entramado productivo, funcionarios del gobierno provincial y de las universidades con asiento en la provincia, fueron parte de un debate que sigue promoviendo un mayor intercambio y aprendizaje dentro de un tema que avanza en diferentes regiones del pa\u00eds.<\/p>\n\n\n\n<p>El Secretario de Gobierno Mart\u00edn Baraybar, la Biotecn\u00f3loga Clarisa Marcozzi en representaci\u00f3n del INTA y el Ingeniero Agr\u00f3nomo Emilio Ponzio de Laboratorios Cannabis Argentina, compartieron detalles del avance de la iniciativa, que ha sido una de las primeras en alcanzar convenios con el Ministerio de Salud y en consolidar su cadena productiva.<\/p>\n\n\n\n<p>Esta fue la segunda jornada I+D d\u00e1ndole continuidad al debate luego de lo ocurrido en septiembre del 2022, en la Universidad Nacional de Hurlingham, con m\u00e1s de 80 investigadores e investigadoras de la Provincia de Buenos Aires.<\/p>\n\n\n\n<p>La actividad coincide con fechas importantes en las que desde la Agencia Nacional de Cannabis se realiz\u00f3 la convocatoria para la emisi\u00f3n de las primeras licencias oficiales de producci\u00f3n entre las que se espera la inclusi\u00f3n del proyecto\u00a0de\u00a0San\u00a0Pedro.<\/p>\n\n\n\n<figure class=\"wp-block-image size-large\"><img decoding=\"async\" width=\"1024\" height=\"576\" data-attachment-id=\"121636\" data-permalink=\"https:\/\/eldiariodesanpedro.com.ar\/sitio\/jornadas-sobre-cannabis-medicinal-en-la-universidad-del-sudoeste-de-pigue\/imagen-de-whatsapp-2023-08-25-a-las-16-14-24\/\" data-orig-file=\"https:\/\/eldiariodesanpedro.com.ar\/sitio\/wp-content\/uploads\/2023\/08\/Imagen-de-WhatsApp-2023-08-25-a-las-16.14.24.jpg\" data-orig-size=\"1120,630\" data-comments-opened=\"0\" data-image-meta=\"{&quot;aperture&quot;:&quot;0&quot;,&quot;credit&quot;:&quot;&quot;,&quot;camera&quot;:&quot;&quot;,&quot;caption&quot;:&quot;&quot;,&quot;created_timestamp&quot;:&quot;0&quot;,&quot;copyright&quot;:&quot;&quot;,&quot;focal_length&quot;:&quot;0&quot;,&quot;iso&quot;:&quot;0&quot;,&quot;shutter_speed&quot;:&quot;0&quot;,&quot;title&quot;:&quot;&quot;,&quot;orientation&quot;:&quot;0&quot;}\" data-image-title=\"Imagen de WhatsApp 2023-08-25 a las 16.14.24\" data-image-description=\"\" data-image-caption=\"\" data-large-file=\"https:\/\/eldiariodesanpedro.com.ar\/sitio\/wp-content\/uploads\/2023\/08\/Imagen-de-WhatsApp-2023-08-25-a-las-16.14.24-1024x576.jpg\" data-src=\"https:\/\/eldiariodesanpedro.com.ar\/sitio\/wp-content\/uploads\/2023\/08\/Imagen-de-WhatsApp-2023-08-25-a-las-16.14.24-1024x576.jpg\" alt=\"\" class=\"wp-image-121636 lazyload\" data-srcset=\"https:\/\/eldiariodesanpedro.com.ar\/sitio\/wp-content\/uploads\/2023\/08\/Imagen-de-WhatsApp-2023-08-25-a-las-16.14.24-1024x576.jpg 1024w, https:\/\/eldiariodesanpedro.com.ar\/sitio\/wp-content\/uploads\/2023\/08\/Imagen-de-WhatsApp-2023-08-25-a-las-16.14.24-300x169.jpg 300w, https:\/\/eldiariodesanpedro.com.ar\/sitio\/wp-content\/uploads\/2023\/08\/Imagen-de-WhatsApp-2023-08-25-a-las-16.14.24-768x432.jpg 768w, https:\/\/eldiariodesanpedro.com.ar\/sitio\/wp-content\/uploads\/2023\/08\/Imagen-de-WhatsApp-2023-08-25-a-las-16.14.24.jpg 1120w\" data-sizes=\"(max-width: 1024px) 100vw, 1024px\" src=\"data:image\/svg+xml;base64,PHN2ZyB3aWR0aD0iMSIgaGVpZ2h0PSIxIiB4bWxucz0iaHR0cDovL3d3dy53My5vcmcvMjAwMC9zdmciPjwvc3ZnPg==\" style=\"--smush-placeholder-width: 1024px; --smush-placeholder-aspect-ratio: 1024\/576;\" \/><\/figure>\n\n\n\n<figure class=\"wp-block-image size-full\"><img decoding=\"async\" width=\"354\" height=\"630\" data-attachment-id=\"121634\" data-permalink=\"https:\/\/eldiariodesanpedro.com.ar\/sitio\/jornadas-sobre-cannabis-medicinal-en-la-universidad-del-sudoeste-de-pigue\/imagen-de-whatsapp-2023-08-25-a-las-16-14-22\/\" data-orig-file=\"https:\/\/eldiariodesanpedro.com.ar\/sitio\/wp-content\/uploads\/2023\/08\/Imagen-de-WhatsApp-2023-08-25-a-las-16.14.22.jpg\" data-orig-size=\"354,630\" data-comments-opened=\"0\" data-image-meta=\"{&quot;aperture&quot;:&quot;0&quot;,&quot;credit&quot;:&quot;&quot;,&quot;camera&quot;:&quot;&quot;,&quot;caption&quot;:&quot;&quot;,&quot;created_timestamp&quot;:&quot;0&quot;,&quot;copyright&quot;:&quot;&quot;,&quot;focal_length&quot;:&quot;0&quot;,&quot;iso&quot;:&quot;0&quot;,&quot;shutter_speed&quot;:&quot;0&quot;,&quot;title&quot;:&quot;&quot;,&quot;orientation&quot;:&quot;0&quot;}\" data-image-title=\"Imagen de WhatsApp 2023-08-25 a las 16.14.22\" data-image-description=\"\" data-image-caption=\"\" data-large-file=\"https:\/\/eldiariodesanpedro.com.ar\/sitio\/wp-content\/uploads\/2023\/08\/Imagen-de-WhatsApp-2023-08-25-a-las-16.14.22.jpg\" data-src=\"https:\/\/eldiariodesanpedro.com.ar\/sitio\/wp-content\/uploads\/2023\/08\/Imagen-de-WhatsApp-2023-08-25-a-las-16.14.22.jpg\" alt=\"\" class=\"wp-image-121634 lazyload\" data-srcset=\"https:\/\/eldiariodesanpedro.com.ar\/sitio\/wp-content\/uploads\/2023\/08\/Imagen-de-WhatsApp-2023-08-25-a-las-16.14.22.jpg 354w, https:\/\/eldiariodesanpedro.com.ar\/sitio\/wp-content\/uploads\/2023\/08\/Imagen-de-WhatsApp-2023-08-25-a-las-16.14.22-169x300.jpg 169w\" data-sizes=\"(max-width: 354px) 100vw, 354px\" src=\"data:image\/svg+xml;base64,PHN2ZyB3aWR0aD0iMSIgaGVpZ2h0PSIxIiB4bWxucz0iaHR0cDovL3d3dy53My5vcmcvMjAwMC9zdmciPjwvc3ZnPg==\" style=\"--smush-placeholder-width: 354px; --smush-placeholder-aspect-ratio: 354\/630;\" \/><\/figure>\n","protected":false},"excerpt":{"rendered":"<p>El proyecto conjunto que se lleva adelante en San Pedro, a trav\u00e9s de la empresa LCA, el INTA y la Municipalidad, fue parte este viernes, en la 2da Jornada I + D, sobre Cannabis Medicinal y C\u00e1\u00f1amo en la Industria. En la sede Pig\u00fc\u00e9 de la Universidad Provincial del Sudoeste, representantes del sector cient\u00edfico, referentes [&hellip;]<\/p>\n","protected":false},"author":4,"featured_media":121635,"comment_status":"closed","ping_status":"closed","sticky":false,"template":"","format":"standard","meta":{"om_disable_all_campaigns":false,"_jetpack_memberships_contains_paid_content":false,"footnotes":""},"categories":[50,101,2],"tags":[197,696,33,19],"class_list":["post-121633","post","type-post","status-publish","format-standard","has-post-thumbnail","hentry","category-destacadas","category-interes-general-locales","category-locales","tag-buenos-aires","tag-interes-general","tag-locales","tag-san-pedro"],"aioseo_notices":[],"gutentor_comment":0,"jetpack_featured_media_url":"https:\/\/eldiariodesanpedro.com.ar\/sitio\/wp-content\/uploads\/2023\/08\/Imagen-de-WhatsApp-2023-08-25-a-las-16.14.23.jpg","jetpack_shortlink":"https:\/\/wp.me\/p6RhLt-vDP","jetpack_sharing_enabled":true,"_links":{"self":[{"href":"https:\/\/eldiariodesanpedro.com.ar\/sitio\/wp-json\/wp\/v2\/posts\/121633","targetHints":{"allow":["GET"]}}],"collection":[{"href":"https:\/\/eldiariodesanpedro.com.ar\/sitio\/wp-json\/wp\/v2\/posts"}],"about":[{"href":"https:\/\/eldiariodesanpedro.com.ar\/sitio\/wp-json\/wp\/v2\/types\/post"}],"author":[{"embeddable":true,"href":"https:\/\/eldiariodesanpedro.com.ar\/sitio\/wp-json\/wp\/v2\/users\/4"}],"replies":[{"embeddable":true,"href":"https:\/\/eldiariodesanpedro.com.ar\/sitio\/wp-json\/wp\/v2\/comments?post=121633"}],"version-history":[{"count":1,"href":"https:\/\/eldiariodesanpedro.com.ar\/sitio\/wp-json\/wp\/v2\/posts\/121633\/revisions"}],"predecessor-version":[{"id":121637,"href":"https:\/\/eldiariodesanpedro.com.ar\/sitio\/wp-json\/wp\/v2\/posts\/121633\/revisions\/121637"}],"wp:featuredmedia":[{"embeddable":true,"href":"https:\/\/eldiariodesanpedro.com.ar\/sitio\/wp-json\/wp\/v2\/media\/121635"}],"wp:attachment":[{"href":"https:\/\/eldiariodesanpedro.com.ar\/sitio\/wp-json\/wp\/v2\/media?parent=121633"}],"wp:term":[{"taxonomy":"category","embeddable":true,"href":"https:\/\/eldiariodesanpedro.com.ar\/sitio\/wp-json\/wp\/v2\/categories?post=121633"},{"taxonomy":"post_tag","embeddable":true,"href":"https:\/\/eldiariodesanpedro.com.ar\/sitio\/wp-json\/wp\/v2\/tags?post=121633"}],"curies":[{"name":"wp","href":"https:\/\/api.w.org\/{rel}","templated":true}]}}