{"id":121628,"date":"2023-08-25T19:35:52","date_gmt":"2023-08-25T22:35:52","guid":{"rendered":"https:\/\/eldiariodesanpedro.com.ar\/sitio\/?p=121628"},"modified":"2023-08-25T19:35:53","modified_gmt":"2023-08-25T22:35:53","slug":"firma-de-escritura-de-donacion-el-club-mitre","status":"publish","type":"post","link":"https:\/\/eldiariodesanpedro.com.ar\/sitio\/firma-de-escritura-de-donacion-el-club-mitre\/","title":{"rendered":"Firma de Escritura de Donaci\u00f3n el Club Mitre"},"content":{"rendered":"<!-- VideographyWP Plugin Message: Automatic video embedding prevented by plugin options. -->\n\n<p>El Intendente Cecilio Salazar recibi\u00f3 hoy en el despacho oficial a la Presidenta del Club Atl\u00e9tico Mitre, Estela Luj\u00e1n Oliveros para firmar la documentaci\u00f3n que certifica la donaci\u00f3n aprobada por ordenanza municipal, de terrenos que forman parte del complejo deportivo de la entidad ante la escribana Teresa Gasparin.<\/p>\n\n\n\n<p>De acuerdo a lo establecido en las ordenanzas vigentes de 1989, que disponen la cesi\u00f3n al Club Atl\u00e9tico Mitre de la apertura de las calles 36 y Caroni; y de 2005 que concede dicho espacio para desarrollar un Complejo Deportivo, en el d\u00eda de hoy se cumpli\u00f3 con la firma de la donaci\u00f3n relacionada con los terrenos ubicados entre las calles R\u00f3mulo Na\u00f3n, Emilio Frers, Caseros y 38 de nuestra Ciudad.<\/p>\n\n\n\n<p>Apoyando el desarrollo y el trabajo de decenas de dirigentes que representan a centenares de familias que disfrutan al Club, la Municipalidad mantiene este v\u00ednculo fundamental con Mitre y con todos los clubes de San Pedro y las localidades facilitando todo aquello que puede representar un est\u00edmulo a la imprescindible funci\u00f3n social que representan.<\/p>\n\n\n\n<p>En este predio, Mitre cuenta con actividades tales como f\u00fatbol infantil y mayor, hockey, tenis y b\u00e1squet, adem\u00e1s de una piscina de nataci\u00f3n y espacios complementarios, que son un verdadero\u00a0ejemplo.<\/p>\n\n\n\n<figure class=\"wp-block-image size-full\"><img decoding=\"async\" width=\"965\" height=\"630\" data-attachment-id=\"121630\" data-permalink=\"https:\/\/eldiariodesanpedro.com.ar\/sitio\/firma-de-escritura-de-donacion-el-club-mitre\/imagen-de-whatsapp-2023-08-25-a-las-14-03-48\/\" data-orig-file=\"https:\/\/eldiariodesanpedro.com.ar\/sitio\/wp-content\/uploads\/2023\/08\/Imagen-de-WhatsApp-2023-08-25-a-las-14.03.48.jpg\" data-orig-size=\"965,630\" data-comments-opened=\"0\" data-image-meta=\"{&quot;aperture&quot;:&quot;0&quot;,&quot;credit&quot;:&quot;&quot;,&quot;camera&quot;:&quot;&quot;,&quot;caption&quot;:&quot;&quot;,&quot;created_timestamp&quot;:&quot;0&quot;,&quot;copyright&quot;:&quot;&quot;,&quot;focal_length&quot;:&quot;0&quot;,&quot;iso&quot;:&quot;0&quot;,&quot;shutter_speed&quot;:&quot;0&quot;,&quot;title&quot;:&quot;&quot;,&quot;orientation&quot;:&quot;0&quot;}\" data-image-title=\"Imagen de WhatsApp 2023-08-25 a las 14.03.48\" data-image-description=\"\" data-image-caption=\"\" data-large-file=\"https:\/\/eldiariodesanpedro.com.ar\/sitio\/wp-content\/uploads\/2023\/08\/Imagen-de-WhatsApp-2023-08-25-a-las-14.03.48.jpg\" data-src=\"https:\/\/eldiariodesanpedro.com.ar\/sitio\/wp-content\/uploads\/2023\/08\/Imagen-de-WhatsApp-2023-08-25-a-las-14.03.48.jpg\" alt=\"\" class=\"wp-image-121630 lazyload\" data-srcset=\"https:\/\/eldiariodesanpedro.com.ar\/sitio\/wp-content\/uploads\/2023\/08\/Imagen-de-WhatsApp-2023-08-25-a-las-14.03.48.jpg 965w, https:\/\/eldiariodesanpedro.com.ar\/sitio\/wp-content\/uploads\/2023\/08\/Imagen-de-WhatsApp-2023-08-25-a-las-14.03.48-300x196.jpg 300w, https:\/\/eldiariodesanpedro.com.ar\/sitio\/wp-content\/uploads\/2023\/08\/Imagen-de-WhatsApp-2023-08-25-a-las-14.03.48-768x501.jpg 768w\" data-sizes=\"(max-width: 965px) 100vw, 965px\" src=\"data:image\/svg+xml;base64,PHN2ZyB3aWR0aD0iMSIgaGVpZ2h0PSIxIiB4bWxucz0iaHR0cDovL3d3dy53My5vcmcvMjAwMC9zdmciPjwvc3ZnPg==\" style=\"--smush-placeholder-width: 965px; --smush-placeholder-aspect-ratio: 965\/630;\" \/><\/figure>\n\n\n\n<figure class=\"wp-block-image size-full\"><img decoding=\"async\" width=\"873\" height=\"630\" data-attachment-id=\"121631\" data-permalink=\"https:\/\/eldiariodesanpedro.com.ar\/sitio\/firma-de-escritura-de-donacion-el-club-mitre\/imagen-de-whatsapp-2023-08-25-a-las-14-03-481\/\" data-orig-file=\"https:\/\/eldiariodesanpedro.com.ar\/sitio\/wp-content\/uploads\/2023\/08\/Imagen-de-WhatsApp-2023-08-25-a-las-14.03.481.jpg\" data-orig-size=\"873,630\" data-comments-opened=\"0\" data-image-meta=\"{&quot;aperture&quot;:&quot;0&quot;,&quot;credit&quot;:&quot;&quot;,&quot;camera&quot;:&quot;&quot;,&quot;caption&quot;:&quot;&quot;,&quot;created_timestamp&quot;:&quot;0&quot;,&quot;copyright&quot;:&quot;&quot;,&quot;focal_length&quot;:&quot;0&quot;,&quot;iso&quot;:&quot;0&quot;,&quot;shutter_speed&quot;:&quot;0&quot;,&quot;title&quot;:&quot;&quot;,&quot;orientation&quot;:&quot;0&quot;}\" data-image-title=\"Imagen de WhatsApp 2023-08-25 a las 14.03.481\" data-image-description=\"\" data-image-caption=\"\" data-large-file=\"https:\/\/eldiariodesanpedro.com.ar\/sitio\/wp-content\/uploads\/2023\/08\/Imagen-de-WhatsApp-2023-08-25-a-las-14.03.481.jpg\" data-src=\"https:\/\/eldiariodesanpedro.com.ar\/sitio\/wp-content\/uploads\/2023\/08\/Imagen-de-WhatsApp-2023-08-25-a-las-14.03.481.jpg\" alt=\"\" class=\"wp-image-121631 lazyload\" data-srcset=\"https:\/\/eldiariodesanpedro.com.ar\/sitio\/wp-content\/uploads\/2023\/08\/Imagen-de-WhatsApp-2023-08-25-a-las-14.03.481.jpg 873w, https:\/\/eldiariodesanpedro.com.ar\/sitio\/wp-content\/uploads\/2023\/08\/Imagen-de-WhatsApp-2023-08-25-a-las-14.03.481-300x216.jpg 300w, https:\/\/eldiariodesanpedro.com.ar\/sitio\/wp-content\/uploads\/2023\/08\/Imagen-de-WhatsApp-2023-08-25-a-las-14.03.481-768x554.jpg 768w\" data-sizes=\"(max-width: 873px) 100vw, 873px\" src=\"data:image\/svg+xml;base64,PHN2ZyB3aWR0aD0iMSIgaGVpZ2h0PSIxIiB4bWxucz0iaHR0cDovL3d3dy53My5vcmcvMjAwMC9zdmciPjwvc3ZnPg==\" style=\"--smush-placeholder-width: 873px; --smush-placeholder-aspect-ratio: 873\/630;\" \/><\/figure>\n","protected":false},"excerpt":{"rendered":"<p>El Intendente Cecilio Salazar recibi\u00f3 hoy en el despacho oficial a la Presidenta del Club Atl\u00e9tico Mitre, Estela Luj\u00e1n Oliveros para firmar la documentaci\u00f3n que certifica la donaci\u00f3n aprobada por ordenanza municipal, de terrenos que forman parte del complejo deportivo de la entidad ante la escribana Teresa Gasparin. De acuerdo a lo establecido en las [&hellip;]<\/p>\n","protected":false},"author":4,"featured_media":121629,"comment_status":"closed","ping_status":"closed","sticky":false,"template":"","format":"standard","meta":{"om_disable_all_campaigns":false,"_jetpack_memberships_contains_paid_content":false,"footnotes":""},"categories":[50,101,2],"tags":[197,696,33,19],"class_list":["post-121628","post","type-post","status-publish","format-standard","has-post-thumbnail","hentry","category-destacadas","category-interes-general-locales","category-locales","tag-buenos-aires","tag-interes-general","tag-locales","tag-san-pedro"],"aioseo_notices":[],"gutentor_comment":0,"jetpack_featured_media_url":"https:\/\/eldiariodesanpedro.com.ar\/sitio\/wp-content\/uploads\/2023\/08\/Imagen-de-WhatsApp-2023-08-25-a-las-14.03.47.jpg","jetpack_shortlink":"https:\/\/wp.me\/p6RhLt-vDK","jetpack_sharing_enabled":true,"_links":{"self":[{"href":"https:\/\/eldiariodesanpedro.com.ar\/sitio\/wp-json\/wp\/v2\/posts\/121628","targetHints":{"allow":["GET"]}}],"collection":[{"href":"https:\/\/eldiariodesanpedro.com.ar\/sitio\/wp-json\/wp\/v2\/posts"}],"about":[{"href":"https:\/\/eldiariodesanpedro.com.ar\/sitio\/wp-json\/wp\/v2\/types\/post"}],"author":[{"embeddable":true,"href":"https:\/\/eldiariodesanpedro.com.ar\/sitio\/wp-json\/wp\/v2\/users\/4"}],"replies":[{"embeddable":true,"href":"https:\/\/eldiariodesanpedro.com.ar\/sitio\/wp-json\/wp\/v2\/comments?post=121628"}],"version-history":[{"count":1,"href":"https:\/\/eldiariodesanpedro.com.ar\/sitio\/wp-json\/wp\/v2\/posts\/121628\/revisions"}],"predecessor-version":[{"id":121632,"href":"https:\/\/eldiariodesanpedro.com.ar\/sitio\/wp-json\/wp\/v2\/posts\/121628\/revisions\/121632"}],"wp:featuredmedia":[{"embeddable":true,"href":"https:\/\/eldiariodesanpedro.com.ar\/sitio\/wp-json\/wp\/v2\/media\/121629"}],"wp:attachment":[{"href":"https:\/\/eldiariodesanpedro.com.ar\/sitio\/wp-json\/wp\/v2\/media?parent=121628"}],"wp:term":[{"taxonomy":"category","embeddable":true,"href":"https:\/\/eldiariodesanpedro.com.ar\/sitio\/wp-json\/wp\/v2\/categories?post=121628"},{"taxonomy":"post_tag","embeddable":true,"href":"https:\/\/eldiariodesanpedro.com.ar\/sitio\/wp-json\/wp\/v2\/tags?post=121628"}],"curies":[{"name":"wp","href":"https:\/\/api.w.org\/{rel}","templated":true}]}}