{"id":121622,"date":"2023-08-25T19:25:13","date_gmt":"2023-08-25T22:25:13","guid":{"rendered":"https:\/\/eldiariodesanpedro.com.ar\/sitio\/?p=121622"},"modified":"2023-08-25T19:25:15","modified_gmt":"2023-08-25T22:25:15","slug":"copa-igualdad-presentacion-de-integrantes-del-seleccionado-femenino-de-futbol-cuerpo-tecnico-e-indumentaria","status":"publish","type":"post","link":"https:\/\/eldiariodesanpedro.com.ar\/sitio\/copa-igualdad-presentacion-de-integrantes-del-seleccionado-femenino-de-futbol-cuerpo-tecnico-e-indumentaria\/","title":{"rendered":"Copa Igualdad: Presentaci\u00f3n de integrantes del Seleccionado Femenino de f\u00fatbol, cuerpo t\u00e9cnico e indumentaria"},"content":{"rendered":"<!-- VideographyWP Plugin Message: Automatic video embedding prevented by plugin options. -->\n\n<p>Este s\u00e1bado 26 se disputan en Mercedes los cuartos de final de la Copa Igualdad, a cargo del Ministerio de las Mujeres, Pol\u00edticas de G\u00e9nero y Diversidad Sexual. El seleccionado sampedrino, campe\u00f3n de la Regi\u00f3n Segunda, disputar\u00e1 su partido contra General Rodr\u00edguez, a partir de las 11.00.<\/p>\n\n\n\n<p>Este viernes, el intendente Cecilio Salazar, acompa\u00f1ado por la Secretaria de Pol\u00edticas de G\u00e9nero, Mujeres y Diversidad de la Municipalidad de San Pedro, recibi\u00f3 en su despacho a parte del plantel de jugadoras y cuerpo t\u00e9cnico del seleccionado local.<\/p>\n\n\n\n<p>Luego de conversar sobre la actualidad del deporte y el crecimiento que ha tenido el f\u00fatbol femenino en San Pedro, Salazar y Monfasani hicieron entrega de la indumentaria que estrenar\u00e1 el seleccionado este s\u00e1bado.<\/p>\n\n\n\n<p>Gaspar Mallo, flamante DT del equipo, dio cuenta del compromiso de todas las jugadoras para con el seleccionado, y brind\u00f3 detalles del proyecto que encabeza y que buscar\u00e1 tener continuidad, incluso con la creaci\u00f3n de una copa regional que enfrente a los equipos municipales de la Segunda Secci\u00f3n.<\/p>\n\n\n\n<p>Cabe recordar que el torneo de f\u00fatbol femenino \u201cCopa Igualdad\u201d busca visibilizar la participaci\u00f3n de las mujeres en el deporte y tambi\u00e9n construir con sus protagonistas una agenda de trabajo que permita caminar hacia la igualdad en un \u00e1mbito profundamente masculinizado.<\/p>\n\n\n\n<p>Cuerpo t\u00e9cnico:<br>Director t\u00e9cnico: Gaspar Mallo<br>Preparador f\u00edsico: Agust\u00edn Evandri<br>Ayudante de campo: Florencia G\u00e9nova<br>Colaboradora: Mayra Tjorik<\/p>\n\n\n\n<p>Jugadoras convocadas:<br>Ada C\u00e1ceres<br>Adnara Gim\u00e9nez<br>\u00c1ngeles Gauna<br>Ayel\u00e9n Olmos<br>Bel\u00e9n Fern\u00e1ndez<br>D\u00e9bora Tjorik<br>Florencia \u00c1lvarez<br>Juliana Balladares<br>Priscila Alc\u00e1ntara<br>Manuela Epelde<br>Marisol Castro<br>Priscila Guti\u00e9rrez<br>Sasha Arce<br>Milagros Castro<br>Catalina Almada<br>Amparo Malacalza<br>Micaela M\u00e1rquez\u00a0<br>Pamela\u00a0Monz\u00f3n<\/p>\n\n\n\n<figure class=\"wp-block-image size-full\"><img decoding=\"async\" width=\"949\" height=\"630\" data-attachment-id=\"121625\" data-permalink=\"https:\/\/eldiariodesanpedro.com.ar\/sitio\/copa-igualdad-presentacion-de-integrantes-del-seleccionado-femenino-de-futbol-cuerpo-tecnico-e-indumentaria\/imagen-de-whatsapp-2023-08-25-a-las-13-55-03\/\" data-orig-file=\"https:\/\/eldiariodesanpedro.com.ar\/sitio\/wp-content\/uploads\/2023\/08\/Imagen-de-WhatsApp-2023-08-25-a-las-13.55.03.jpg\" data-orig-size=\"949,630\" data-comments-opened=\"0\" data-image-meta=\"{&quot;aperture&quot;:&quot;0&quot;,&quot;credit&quot;:&quot;&quot;,&quot;camera&quot;:&quot;&quot;,&quot;caption&quot;:&quot;&quot;,&quot;created_timestamp&quot;:&quot;0&quot;,&quot;copyright&quot;:&quot;&quot;,&quot;focal_length&quot;:&quot;0&quot;,&quot;iso&quot;:&quot;0&quot;,&quot;shutter_speed&quot;:&quot;0&quot;,&quot;title&quot;:&quot;&quot;,&quot;orientation&quot;:&quot;0&quot;}\" data-image-title=\"Imagen de WhatsApp 2023-08-25 a las 13.55.03\" data-image-description=\"\" data-image-caption=\"\" data-large-file=\"https:\/\/eldiariodesanpedro.com.ar\/sitio\/wp-content\/uploads\/2023\/08\/Imagen-de-WhatsApp-2023-08-25-a-las-13.55.03.jpg\" data-src=\"https:\/\/eldiariodesanpedro.com.ar\/sitio\/wp-content\/uploads\/2023\/08\/Imagen-de-WhatsApp-2023-08-25-a-las-13.55.03.jpg\" alt=\"\" class=\"wp-image-121625 lazyload\" data-srcset=\"https:\/\/eldiariodesanpedro.com.ar\/sitio\/wp-content\/uploads\/2023\/08\/Imagen-de-WhatsApp-2023-08-25-a-las-13.55.03.jpg 949w, https:\/\/eldiariodesanpedro.com.ar\/sitio\/wp-content\/uploads\/2023\/08\/Imagen-de-WhatsApp-2023-08-25-a-las-13.55.03-300x199.jpg 300w, https:\/\/eldiariodesanpedro.com.ar\/sitio\/wp-content\/uploads\/2023\/08\/Imagen-de-WhatsApp-2023-08-25-a-las-13.55.03-768x510.jpg 768w\" data-sizes=\"(max-width: 949px) 100vw, 949px\" src=\"data:image\/svg+xml;base64,PHN2ZyB3aWR0aD0iMSIgaGVpZ2h0PSIxIiB4bWxucz0iaHR0cDovL3d3dy53My5vcmcvMjAwMC9zdmciPjwvc3ZnPg==\" style=\"--smush-placeholder-width: 949px; --smush-placeholder-aspect-ratio: 949\/630;\" \/><\/figure>\n\n\n\n<figure class=\"wp-block-image size-full\"><img decoding=\"async\" width=\"924\" height=\"630\" data-attachment-id=\"121626\" data-permalink=\"https:\/\/eldiariodesanpedro.com.ar\/sitio\/copa-igualdad-presentacion-de-integrantes-del-seleccionado-femenino-de-futbol-cuerpo-tecnico-e-indumentaria\/imagen-de-whatsapp-2023-08-25-a-las-13-55-031\/\" data-orig-file=\"https:\/\/eldiariodesanpedro.com.ar\/sitio\/wp-content\/uploads\/2023\/08\/Imagen-de-WhatsApp-2023-08-25-a-las-13.55.031.jpg\" data-orig-size=\"924,630\" data-comments-opened=\"0\" data-image-meta=\"{&quot;aperture&quot;:&quot;0&quot;,&quot;credit&quot;:&quot;&quot;,&quot;camera&quot;:&quot;&quot;,&quot;caption&quot;:&quot;&quot;,&quot;created_timestamp&quot;:&quot;0&quot;,&quot;copyright&quot;:&quot;&quot;,&quot;focal_length&quot;:&quot;0&quot;,&quot;iso&quot;:&quot;0&quot;,&quot;shutter_speed&quot;:&quot;0&quot;,&quot;title&quot;:&quot;&quot;,&quot;orientation&quot;:&quot;0&quot;}\" data-image-title=\"Imagen de WhatsApp 2023-08-25 a las 13.55.031\" data-image-description=\"\" data-image-caption=\"\" data-large-file=\"https:\/\/eldiariodesanpedro.com.ar\/sitio\/wp-content\/uploads\/2023\/08\/Imagen-de-WhatsApp-2023-08-25-a-las-13.55.031.jpg\" data-src=\"https:\/\/eldiariodesanpedro.com.ar\/sitio\/wp-content\/uploads\/2023\/08\/Imagen-de-WhatsApp-2023-08-25-a-las-13.55.031.jpg\" alt=\"\" class=\"wp-image-121626 lazyload\" data-srcset=\"https:\/\/eldiariodesanpedro.com.ar\/sitio\/wp-content\/uploads\/2023\/08\/Imagen-de-WhatsApp-2023-08-25-a-las-13.55.031.jpg 924w, https:\/\/eldiariodesanpedro.com.ar\/sitio\/wp-content\/uploads\/2023\/08\/Imagen-de-WhatsApp-2023-08-25-a-las-13.55.031-300x205.jpg 300w, https:\/\/eldiariodesanpedro.com.ar\/sitio\/wp-content\/uploads\/2023\/08\/Imagen-de-WhatsApp-2023-08-25-a-las-13.55.031-768x524.jpg 768w, https:\/\/eldiariodesanpedro.com.ar\/sitio\/wp-content\/uploads\/2023\/08\/Imagen-de-WhatsApp-2023-08-25-a-las-13.55.031-305x207.jpg 305w\" data-sizes=\"(max-width: 924px) 100vw, 924px\" src=\"data:image\/svg+xml;base64,PHN2ZyB3aWR0aD0iMSIgaGVpZ2h0PSIxIiB4bWxucz0iaHR0cDovL3d3dy53My5vcmcvMjAwMC9zdmciPjwvc3ZnPg==\" style=\"--smush-placeholder-width: 924px; --smush-placeholder-aspect-ratio: 924\/630;\" \/><\/figure>\n\n\n\n<figure class=\"wp-block-image size-full\"><img decoding=\"async\" width=\"911\" height=\"630\" data-attachment-id=\"121624\" data-permalink=\"https:\/\/eldiariodesanpedro.com.ar\/sitio\/copa-igualdad-presentacion-de-integrantes-del-seleccionado-femenino-de-futbol-cuerpo-tecnico-e-indumentaria\/imagen-de-whatsapp-2023-08-25-a-las-13-55-02\/\" data-orig-file=\"https:\/\/eldiariodesanpedro.com.ar\/sitio\/wp-content\/uploads\/2023\/08\/Imagen-de-WhatsApp-2023-08-25-a-las-13.55.02.jpg\" data-orig-size=\"911,630\" data-comments-opened=\"0\" data-image-meta=\"{&quot;aperture&quot;:&quot;0&quot;,&quot;credit&quot;:&quot;&quot;,&quot;camera&quot;:&quot;&quot;,&quot;caption&quot;:&quot;&quot;,&quot;created_timestamp&quot;:&quot;0&quot;,&quot;copyright&quot;:&quot;&quot;,&quot;focal_length&quot;:&quot;0&quot;,&quot;iso&quot;:&quot;0&quot;,&quot;shutter_speed&quot;:&quot;0&quot;,&quot;title&quot;:&quot;&quot;,&quot;orientation&quot;:&quot;0&quot;}\" data-image-title=\"Imagen de WhatsApp 2023-08-25 a las 13.55.02\" data-image-description=\"\" data-image-caption=\"\" data-large-file=\"https:\/\/eldiariodesanpedro.com.ar\/sitio\/wp-content\/uploads\/2023\/08\/Imagen-de-WhatsApp-2023-08-25-a-las-13.55.02.jpg\" data-src=\"https:\/\/eldiariodesanpedro.com.ar\/sitio\/wp-content\/uploads\/2023\/08\/Imagen-de-WhatsApp-2023-08-25-a-las-13.55.02.jpg\" alt=\"\" class=\"wp-image-121624 lazyload\" data-srcset=\"https:\/\/eldiariodesanpedro.com.ar\/sitio\/wp-content\/uploads\/2023\/08\/Imagen-de-WhatsApp-2023-08-25-a-las-13.55.02.jpg 911w, https:\/\/eldiariodesanpedro.com.ar\/sitio\/wp-content\/uploads\/2023\/08\/Imagen-de-WhatsApp-2023-08-25-a-las-13.55.02-300x207.jpg 300w, https:\/\/eldiariodesanpedro.com.ar\/sitio\/wp-content\/uploads\/2023\/08\/Imagen-de-WhatsApp-2023-08-25-a-las-13.55.02-768x531.jpg 768w\" data-sizes=\"(max-width: 911px) 100vw, 911px\" src=\"data:image\/svg+xml;base64,PHN2ZyB3aWR0aD0iMSIgaGVpZ2h0PSIxIiB4bWxucz0iaHR0cDovL3d3dy53My5vcmcvMjAwMC9zdmciPjwvc3ZnPg==\" style=\"--smush-placeholder-width: 911px; --smush-placeholder-aspect-ratio: 911\/630;\" \/><\/figure>\n","protected":false},"excerpt":{"rendered":"<p>Este s\u00e1bado 26 se disputan en Mercedes los cuartos de final de la Copa Igualdad, a cargo del Ministerio de las Mujeres, Pol\u00edticas de G\u00e9nero y Diversidad Sexual. El seleccionado sampedrino, campe\u00f3n de la Regi\u00f3n Segunda, disputar\u00e1 su partido contra General Rodr\u00edguez, a partir de las 11.00. Este viernes, el intendente Cecilio Salazar, acompa\u00f1ado por [&hellip;]<\/p>\n","protected":false},"author":4,"featured_media":121623,"comment_status":"closed","ping_status":"closed","sticky":false,"template":"","format":"standard","meta":{"om_disable_all_campaigns":false,"_jetpack_memberships_contains_paid_content":false,"footnotes":""},"categories":[50,101,2],"tags":[197,696,33,19],"class_list":["post-121622","post","type-post","status-publish","format-standard","has-post-thumbnail","hentry","category-destacadas","category-interes-general-locales","category-locales","tag-buenos-aires","tag-interes-general","tag-locales","tag-san-pedro"],"aioseo_notices":[],"gutentor_comment":0,"jetpack_featured_media_url":"https:\/\/eldiariodesanpedro.com.ar\/sitio\/wp-content\/uploads\/2023\/08\/Imagen-de-WhatsApp-2023-08-25-a-las-13.55.00.jpg","jetpack_shortlink":"https:\/\/wp.me\/p6RhLt-vDE","jetpack_sharing_enabled":true,"_links":{"self":[{"href":"https:\/\/eldiariodesanpedro.com.ar\/sitio\/wp-json\/wp\/v2\/posts\/121622","targetHints":{"allow":["GET"]}}],"collection":[{"href":"https:\/\/eldiariodesanpedro.com.ar\/sitio\/wp-json\/wp\/v2\/posts"}],"about":[{"href":"https:\/\/eldiariodesanpedro.com.ar\/sitio\/wp-json\/wp\/v2\/types\/post"}],"author":[{"embeddable":true,"href":"https:\/\/eldiariodesanpedro.com.ar\/sitio\/wp-json\/wp\/v2\/users\/4"}],"replies":[{"embeddable":true,"href":"https:\/\/eldiariodesanpedro.com.ar\/sitio\/wp-json\/wp\/v2\/comments?post=121622"}],"version-history":[{"count":1,"href":"https:\/\/eldiariodesanpedro.com.ar\/sitio\/wp-json\/wp\/v2\/posts\/121622\/revisions"}],"predecessor-version":[{"id":121627,"href":"https:\/\/eldiariodesanpedro.com.ar\/sitio\/wp-json\/wp\/v2\/posts\/121622\/revisions\/121627"}],"wp:featuredmedia":[{"embeddable":true,"href":"https:\/\/eldiariodesanpedro.com.ar\/sitio\/wp-json\/wp\/v2\/media\/121623"}],"wp:attachment":[{"href":"https:\/\/eldiariodesanpedro.com.ar\/sitio\/wp-json\/wp\/v2\/media?parent=121622"}],"wp:term":[{"taxonomy":"category","embeddable":true,"href":"https:\/\/eldiariodesanpedro.com.ar\/sitio\/wp-json\/wp\/v2\/categories?post=121622"},{"taxonomy":"post_tag","embeddable":true,"href":"https:\/\/eldiariodesanpedro.com.ar\/sitio\/wp-json\/wp\/v2\/tags?post=121622"}],"curies":[{"name":"wp","href":"https:\/\/api.w.org\/{rel}","templated":true}]}}