{"id":12162,"date":"2016-12-30T12:50:47","date_gmt":"2016-12-30T15:50:47","guid":{"rendered":"https:\/\/eldiariodesanpedro.com.ar\/sitio\/?p=12162"},"modified":"2016-12-30T15:28:13","modified_gmt":"2016-12-30T18:28:13","slug":"el-frente-gremial-docente-emitio-un-comunicado","status":"publish","type":"post","link":"https:\/\/eldiariodesanpedro.com.ar\/sitio\/el-frente-gremial-docente-emitio-un-comunicado\/","title":{"rendered":"El Frente Gremial Docente emiti\u00f3 un comunicado"},"content":{"rendered":"<p><!-- VideographyWP Plugin Message: Automatic video embedding prevented by plugin options. --><br \/>\nEn un duro comunicado emitido este miercoles, el Frente Gremial Docente Bonaerense manifest\u00f3 que \u201cel inicio del ciclo lectivo 2017 es responsabilidad indelegable del gobierno provincial\u201d.<br \/>\nLa nota se difunde luego de que el gobierno de Vidal estableciera el inicio de las clases para el 6 de marzo.<br \/>\nEl FGDB enumera una serie de preguntas que la gobernadora deber\u00eda explicar: <\/p>\n<p>\u201c\u00bfPor qu\u00e9 redujo en un 3,2% el presupuesto para educaci\u00f3n en la pcia. de Buenos Aires?<br \/>\nEsa reducci\u00f3n es equivalente a la construcci\u00f3n de 1.764 jardines de infantes o de 998 escuelas secundarias.<br \/>\n\u00bfPor qu\u00e9 se cerr\u00f3 todo di\u00e1logo y negociaci\u00f3n durante el 2016?<br \/>\n\u00bfPor qu\u00e9 el gobierno no cumple con el \u00faltimo acuerdo paritario salarial que estableci\u00f3 una cl\u00e1usula de reajuste salarial de acuerdo al costo de vida?<br \/>\n\u00bfPor qu\u00e9 no garantiza la continuidad de los programas socioeducativos?<br \/>\n\u00bfPor qu\u00e9 no define su posici\u00f3n respecto a la \u00abarmonizaci\u00f3n\u00bb del sistema jubilatorio, lo que significar\u00eda no s\u00f3lo la p\u00e9rdida de derechos, sino tambi\u00e9n el desfinanciamiento del IPS?<br \/>\n\u00bfPor qu\u00e9 aplic\u00f3 el impuesto a las ganancias en el aguinaldo?<br \/>\n\u00bfPor qu\u00e9 va a condenar a los educadores a permanecer con el mismo sueldo hasta marzo?<br \/>\nTeniendo un salario b\u00e1sico de $4.240,50 y sueldo inicial de $9.801,34.<br \/>\nPorque sabemos que no hay posibilidad de discutir pauta salarial para el 2017 sin la recuperaci\u00f3n de la p\u00e9rdida salarial sufrida en el 2016, que ronda el 10%, el FGDB advierte que: Si el gobierno persiste en su decisi\u00f3n pol\u00edtica de no escuchar ni garantizar la resoluci\u00f3n de los reclamos planteados, los docentes no seremos responsables de la agudizaci\u00f3n del conflicto.<br \/>\nEl inicio del ciclo lectivo 2017 es responsabilidad indelegable del gobierno provincial\u201d.<\/p>\n","protected":false},"excerpt":{"rendered":"<p>En un duro comunicado emitido este miercoles, el Frente Gremial Docente Bonaerense manifest\u00f3 que \u201cel inicio del ciclo lectivo 2017 es responsabilidad indelegable del gobierno provincial\u201d. La nota se difunde luego de que el gobierno de Vidal estableciera el inicio de las clases para el 6 de marzo. El FGDB enumera una serie de preguntas [&hellip;]<\/p>\n","protected":false},"author":4,"featured_media":12163,"comment_status":"open","ping_status":"closed","sticky":false,"template":"","format":"standard","meta":{"om_disable_all_campaigns":false,"_jetpack_memberships_contains_paid_content":false,"footnotes":""},"categories":[50,2,102],"tags":[],"class_list":["post-12162","post","type-post","status-publish","format-standard","has-post-thumbnail","hentry","category-destacadas","category-locales","category-politica-locales"],"aioseo_notices":[],"gutentor_comment":0,"jetpack_featured_media_url":"https:\/\/eldiariodesanpedro.com.ar\/sitio\/wp-content\/uploads\/2016\/12\/FRENTE-GREMIAL.jpg","jetpack_shortlink":"https:\/\/wp.me\/p6RhLt-3aa","jetpack_sharing_enabled":true,"_links":{"self":[{"href":"https:\/\/eldiariodesanpedro.com.ar\/sitio\/wp-json\/wp\/v2\/posts\/12162","targetHints":{"allow":["GET"]}}],"collection":[{"href":"https:\/\/eldiariodesanpedro.com.ar\/sitio\/wp-json\/wp\/v2\/posts"}],"about":[{"href":"https:\/\/eldiariodesanpedro.com.ar\/sitio\/wp-json\/wp\/v2\/types\/post"}],"author":[{"embeddable":true,"href":"https:\/\/eldiariodesanpedro.com.ar\/sitio\/wp-json\/wp\/v2\/users\/4"}],"replies":[{"embeddable":true,"href":"https:\/\/eldiariodesanpedro.com.ar\/sitio\/wp-json\/wp\/v2\/comments?post=12162"}],"version-history":[{"count":1,"href":"https:\/\/eldiariodesanpedro.com.ar\/sitio\/wp-json\/wp\/v2\/posts\/12162\/revisions"}],"predecessor-version":[{"id":12164,"href":"https:\/\/eldiariodesanpedro.com.ar\/sitio\/wp-json\/wp\/v2\/posts\/12162\/revisions\/12164"}],"wp:featuredmedia":[{"embeddable":true,"href":"https:\/\/eldiariodesanpedro.com.ar\/sitio\/wp-json\/wp\/v2\/media\/12163"}],"wp:attachment":[{"href":"https:\/\/eldiariodesanpedro.com.ar\/sitio\/wp-json\/wp\/v2\/media?parent=12162"}],"wp:term":[{"taxonomy":"category","embeddable":true,"href":"https:\/\/eldiariodesanpedro.com.ar\/sitio\/wp-json\/wp\/v2\/categories?post=12162"},{"taxonomy":"post_tag","embeddable":true,"href":"https:\/\/eldiariodesanpedro.com.ar\/sitio\/wp-json\/wp\/v2\/tags?post=12162"}],"curies":[{"name":"wp","href":"https:\/\/api.w.org\/{rel}","templated":true}]}}