{"id":12159,"date":"2016-12-30T12:44:32","date_gmt":"2016-12-30T15:44:32","guid":{"rendered":"https:\/\/eldiariodesanpedro.com.ar\/sitio\/?p=12159"},"modified":"2016-12-30T15:28:27","modified_gmt":"2016-12-30T18:28:27","slug":"el-intendente-recorrio-varios-dependencia-municipales-saludando-por-fin-de-ano","status":"publish","type":"post","link":"https:\/\/eldiariodesanpedro.com.ar\/sitio\/el-intendente-recorrio-varios-dependencia-municipales-saludando-por-fin-de-ano\/","title":{"rendered":"El intendente recorri\u00f3 varios dependencia municipales saludando por fin de a\u00f1o"},"content":{"rendered":"<p><!-- VideographyWP Plugin Message: Automatic video embedding prevented by plugin options. --><br \/>\nEn la ma\u00f1ana de hoy el intendente Cecilio Salazar visito el registro civil de nuestra ciudad donde se llevo a cabo un brindis de todos los empleados de las oficinas de ese lugar para recibir el 2017. Ademas tambi\u00e9n venia de recorrer otras \u00e1reas de la municipalidad  como por ejemplo obras publicas, el hospital, y otras \u00e1reas donde pas\u00f3 para saludar a los empleados municipales.<\/p>\n<p>Salazar dijo a los presentes en el registro civil: \u00abme resta agradecerles a todos ustedes que hacen mucho por San Pedro, estoy en deuda con esta \u00e1rea y el a\u00f1o que viene trabajaremos para mejorar la infraestructura del registro civil, para un trabajador no ah\u00ed nada mas lindo que tener un buen lugar de trabajo\u00bb y finalizo con un saludo \u00abme gustar\u00eda desearle que terminen bien el a\u00f1o y arranquen de la mejor manera, y esperemos que el a\u00f1o que viene sea mejor para todos, fundamentalmente mejor para el sampedrino. De parte nuestra vamos a poner lo mejor que podamos\u00bb. <\/p>\n","protected":false},"excerpt":{"rendered":"<p>En la ma\u00f1ana de hoy el intendente Cecilio Salazar visito el registro civil de nuestra ciudad donde se llevo a cabo un brindis de todos los empleados de las oficinas de ese lugar para recibir el 2017. Ademas tambi\u00e9n venia de recorrer otras \u00e1reas de la municipalidad como por ejemplo obras publicas, el hospital, y [&hellip;]<\/p>\n","protected":false},"author":4,"featured_media":12160,"comment_status":"open","ping_status":"closed","sticky":false,"template":"","format":"standard","meta":{"om_disable_all_campaigns":false,"_jetpack_memberships_contains_paid_content":false,"footnotes":""},"categories":[50,2,102],"tags":[],"class_list":["post-12159","post","type-post","status-publish","format-standard","has-post-thumbnail","hentry","category-destacadas","category-locales","category-politica-locales"],"aioseo_notices":[],"gutentor_comment":0,"jetpack_featured_media_url":"https:\/\/eldiariodesanpedro.com.ar\/sitio\/wp-content\/uploads\/2016\/12\/DSC_0385-3.jpg","jetpack_shortlink":"https:\/\/wp.me\/p6RhLt-3a7","jetpack_sharing_enabled":true,"_links":{"self":[{"href":"https:\/\/eldiariodesanpedro.com.ar\/sitio\/wp-json\/wp\/v2\/posts\/12159","targetHints":{"allow":["GET"]}}],"collection":[{"href":"https:\/\/eldiariodesanpedro.com.ar\/sitio\/wp-json\/wp\/v2\/posts"}],"about":[{"href":"https:\/\/eldiariodesanpedro.com.ar\/sitio\/wp-json\/wp\/v2\/types\/post"}],"author":[{"embeddable":true,"href":"https:\/\/eldiariodesanpedro.com.ar\/sitio\/wp-json\/wp\/v2\/users\/4"}],"replies":[{"embeddable":true,"href":"https:\/\/eldiariodesanpedro.com.ar\/sitio\/wp-json\/wp\/v2\/comments?post=12159"}],"version-history":[{"count":2,"href":"https:\/\/eldiariodesanpedro.com.ar\/sitio\/wp-json\/wp\/v2\/posts\/12159\/revisions"}],"predecessor-version":[{"id":12171,"href":"https:\/\/eldiariodesanpedro.com.ar\/sitio\/wp-json\/wp\/v2\/posts\/12159\/revisions\/12171"}],"wp:featuredmedia":[{"embeddable":true,"href":"https:\/\/eldiariodesanpedro.com.ar\/sitio\/wp-json\/wp\/v2\/media\/12160"}],"wp:attachment":[{"href":"https:\/\/eldiariodesanpedro.com.ar\/sitio\/wp-json\/wp\/v2\/media?parent=12159"}],"wp:term":[{"taxonomy":"category","embeddable":true,"href":"https:\/\/eldiariodesanpedro.com.ar\/sitio\/wp-json\/wp\/v2\/categories?post=12159"},{"taxonomy":"post_tag","embeddable":true,"href":"https:\/\/eldiariodesanpedro.com.ar\/sitio\/wp-json\/wp\/v2\/tags?post=12159"}],"curies":[{"name":"wp","href":"https:\/\/api.w.org\/{rel}","templated":true}]}}