{"id":12152,"date":"2016-12-30T10:58:21","date_gmt":"2016-12-30T13:58:21","guid":{"rendered":"https:\/\/eldiariodesanpedro.com.ar\/sitio\/?p=12152"},"modified":"2016-12-30T15:27:05","modified_gmt":"2016-12-30T18:27:05","slug":"la-diputada-provincial-veronica-barbieri-visito-la-ciudad","status":"publish","type":"post","link":"https:\/\/eldiariodesanpedro.com.ar\/sitio\/la-diputada-provincial-veronica-barbieri-visito-la-ciudad\/","title":{"rendered":"La diputada provincial Ver\u00f3nica Barbieri visito la ciudad"},"content":{"rendered":"<p><!-- VideographyWP Plugin Message: Automatic video embedding prevented by plugin options. --><br \/>\nLa joven diputada provincial por Cambiemos lleg\u00f3 el jueves a San Pedro para entrevistarse con el Intendente Cecilio Salazar y programar tareas en conjunto.<\/p>\n<p>En conferencia de prensa, Barbieri destac\u00f3 los \u201c\u00e9xitos\u201d de Salazar en su primer a\u00f1o de gesti\u00f3n y adelant\u00f3: \u201cVinimos a aportar ideas, compartir experiencias de trabajo\u201d.<\/p>\n<p>Luego, acompa\u00f1ada por el Secretario Privado del Intendente Jonath\u00e1n Galv\u00e1n; la Secretaria de Desarrollo Humano Karina Chiarella y el Director de Comisiones de Fomento Fernando Negrete recorrieron diferentes barrios del partido.<\/p>\n<p>Barbieri dialog\u00f3 con los vecinos y escuch\u00f3 las necesidades de quienes fueron alcanzados por el temporal del fin de semana pasado. <\/p>\n<div class=\"fb-video\" data-allowfullscreen=\"true\" data-href=\"https:\/\/www.facebook.com\/eldiario.desanpedro\/videos\/556244141251396\/\" style=\"background-color: #fff; display: inline-block;\"><\/div>\n","protected":false},"excerpt":{"rendered":"<p>La joven diputada provincial por Cambiemos lleg\u00f3 el jueves a San Pedro para entrevistarse con el Intendente Cecilio Salazar y programar tareas en conjunto. En conferencia de prensa, Barbieri destac\u00f3 los \u201c\u00e9xitos\u201d de Salazar en su primer a\u00f1o de gesti\u00f3n y adelant\u00f3: \u201cVinimos a aportar ideas, compartir experiencias de trabajo\u201d. Luego, acompa\u00f1ada por el Secretario [&hellip;]<\/p>\n","protected":false},"author":4,"featured_media":12153,"comment_status":"open","ping_status":"closed","sticky":false,"template":"","format":"standard","meta":{"om_disable_all_campaigns":false,"_jetpack_memberships_contains_paid_content":false,"footnotes":""},"categories":[2,102],"tags":[],"class_list":["post-12152","post","type-post","status-publish","format-standard","has-post-thumbnail","hentry","category-locales","category-politica-locales"],"aioseo_notices":[],"gutentor_comment":0,"jetpack_featured_media_url":"https:\/\/eldiariodesanpedro.com.ar\/sitio\/wp-content\/uploads\/2016\/12\/DSC_0364-1-e1483106249920.jpg","jetpack_shortlink":"https:\/\/wp.me\/p6RhLt-3a0","jetpack_sharing_enabled":true,"_links":{"self":[{"href":"https:\/\/eldiariodesanpedro.com.ar\/sitio\/wp-json\/wp\/v2\/posts\/12152","targetHints":{"allow":["GET"]}}],"collection":[{"href":"https:\/\/eldiariodesanpedro.com.ar\/sitio\/wp-json\/wp\/v2\/posts"}],"about":[{"href":"https:\/\/eldiariodesanpedro.com.ar\/sitio\/wp-json\/wp\/v2\/types\/post"}],"author":[{"embeddable":true,"href":"https:\/\/eldiariodesanpedro.com.ar\/sitio\/wp-json\/wp\/v2\/users\/4"}],"replies":[{"embeddable":true,"href":"https:\/\/eldiariodesanpedro.com.ar\/sitio\/wp-json\/wp\/v2\/comments?post=12152"}],"version-history":[{"count":2,"href":"https:\/\/eldiariodesanpedro.com.ar\/sitio\/wp-json\/wp\/v2\/posts\/12152\/revisions"}],"predecessor-version":[{"id":12170,"href":"https:\/\/eldiariodesanpedro.com.ar\/sitio\/wp-json\/wp\/v2\/posts\/12152\/revisions\/12170"}],"wp:featuredmedia":[{"embeddable":true,"href":"https:\/\/eldiariodesanpedro.com.ar\/sitio\/wp-json\/wp\/v2\/media\/12153"}],"wp:attachment":[{"href":"https:\/\/eldiariodesanpedro.com.ar\/sitio\/wp-json\/wp\/v2\/media?parent=12152"}],"wp:term":[{"taxonomy":"category","embeddable":true,"href":"https:\/\/eldiariodesanpedro.com.ar\/sitio\/wp-json\/wp\/v2\/categories?post=12152"},{"taxonomy":"post_tag","embeddable":true,"href":"https:\/\/eldiariodesanpedro.com.ar\/sitio\/wp-json\/wp\/v2\/tags?post=12152"}],"curies":[{"name":"wp","href":"https:\/\/api.w.org\/{rel}","templated":true}]}}