{"id":12150,"date":"2016-12-30T10:51:32","date_gmt":"2016-12-30T13:51:32","guid":{"rendered":"https:\/\/eldiariodesanpedro.com.ar\/sitio\/?p=12150"},"modified":"2016-12-30T12:21:00","modified_gmt":"2016-12-30T15:21:00","slug":"un-joven-discutio-con-su-familia-y-le-prendio-fuego-la-casa","status":"publish","type":"post","link":"https:\/\/eldiariodesanpedro.com.ar\/sitio\/un-joven-discutio-con-su-familia-y-le-prendio-fuego-la-casa\/","title":{"rendered":"Un joven discuti\u00f3 con su familia y le prendi\u00f3 fuego la casa"},"content":{"rendered":"<p><!-- VideographyWP Plugin Message: Automatic video embedding prevented by plugin options. --><br \/>\nSe tomo cocimiento de un incendio ocurrido en una vivienda en calle San Mart\u00edn al 1000 donde su propietario de 27 a\u00f1os de edad que tras haber mantenido una discusi\u00f3n con familiares saco los muebles a la vereda y luego procedi\u00f3 a incendiar la vivienda , el mismo fue sofocado por bomberos y no hubo lesionados.<\/p>\n","protected":false},"excerpt":{"rendered":"<p>Se tomo cocimiento de un incendio ocurrido en una vivienda en calle San Mart\u00edn al 1000 donde su propietario de 27 a\u00f1os de edad que tras haber mantenido una discusi\u00f3n con familiares saco los muebles a la vereda y luego procedi\u00f3 a incendiar la vivienda , el mismo fue sofocado por bomberos y no hubo [&hellip;]<\/p>\n","protected":false},"author":4,"featured_media":12158,"comment_status":"open","ping_status":"closed","sticky":false,"template":"","format":"standard","meta":{"om_disable_all_campaigns":false,"_jetpack_memberships_contains_paid_content":false,"footnotes":""},"categories":[2,103],"tags":[],"class_list":["post-12150","post","type-post","status-publish","format-standard","has-post-thumbnail","hentry","category-locales","category-policiales-locales"],"aioseo_notices":[],"gutentor_comment":0,"jetpack_featured_media_url":"https:\/\/eldiariodesanpedro.com.ar\/sitio\/wp-content\/uploads\/2016\/12\/1-4.jpg","jetpack_shortlink":"https:\/\/wp.me\/p6RhLt-39Y","jetpack_sharing_enabled":true,"_links":{"self":[{"href":"https:\/\/eldiariodesanpedro.com.ar\/sitio\/wp-json\/wp\/v2\/posts\/12150","targetHints":{"allow":["GET"]}}],"collection":[{"href":"https:\/\/eldiariodesanpedro.com.ar\/sitio\/wp-json\/wp\/v2\/posts"}],"about":[{"href":"https:\/\/eldiariodesanpedro.com.ar\/sitio\/wp-json\/wp\/v2\/types\/post"}],"author":[{"embeddable":true,"href":"https:\/\/eldiariodesanpedro.com.ar\/sitio\/wp-json\/wp\/v2\/users\/4"}],"replies":[{"embeddable":true,"href":"https:\/\/eldiariodesanpedro.com.ar\/sitio\/wp-json\/wp\/v2\/comments?post=12150"}],"version-history":[{"count":1,"href":"https:\/\/eldiariodesanpedro.com.ar\/sitio\/wp-json\/wp\/v2\/posts\/12150\/revisions"}],"predecessor-version":[{"id":12151,"href":"https:\/\/eldiariodesanpedro.com.ar\/sitio\/wp-json\/wp\/v2\/posts\/12150\/revisions\/12151"}],"wp:featuredmedia":[{"embeddable":true,"href":"https:\/\/eldiariodesanpedro.com.ar\/sitio\/wp-json\/wp\/v2\/media\/12158"}],"wp:attachment":[{"href":"https:\/\/eldiariodesanpedro.com.ar\/sitio\/wp-json\/wp\/v2\/media?parent=12150"}],"wp:term":[{"taxonomy":"category","embeddable":true,"href":"https:\/\/eldiariodesanpedro.com.ar\/sitio\/wp-json\/wp\/v2\/categories?post=12150"},{"taxonomy":"post_tag","embeddable":true,"href":"https:\/\/eldiariodesanpedro.com.ar\/sitio\/wp-json\/wp\/v2\/tags?post=12150"}],"curies":[{"name":"wp","href":"https:\/\/api.w.org\/{rel}","templated":true}]}}