{"id":121492,"date":"2023-08-22T16:08:24","date_gmt":"2023-08-22T19:08:24","guid":{"rendered":"https:\/\/eldiariodesanpedro.com.ar\/sitio\/?p=121492"},"modified":"2023-08-22T16:08:26","modified_gmt":"2023-08-22T19:08:26","slug":"allanamiento-y-detenciones-en-caso-naiara-el-padre-y-la-hermana-de-daiana-franco-fueron-detenidos","status":"publish","type":"post","link":"https:\/\/eldiariodesanpedro.com.ar\/sitio\/allanamiento-y-detenciones-en-caso-naiara-el-padre-y-la-hermana-de-daiana-franco-fueron-detenidos\/","title":{"rendered":"Allanamiento y detenciones en caso Naiara: El padre y la hermana de Daiana Franco fueron detenidos"},"content":{"rendered":"<!-- VideographyWP Plugin Message: Automatic video embedding prevented by plugin options. -->\n\n<p>Este martes se realiz\u00f3 un allanamiento en una vivienda cercana a la intersecci\u00f3n de Pedro Cabrera y G\u00fcemes, culminando en la detenci\u00f3n de un hombre y una mujer identificados como el padre y la hermana de Daiana Franco, compa\u00f1era de Francisco Vlaeminck, el principal sospechoso en el caso.<\/p>\n\n\n\n<p>Se investiga la posible participaci\u00f3n del hombre en el traslado del cad\u00e1ver despu\u00e9s del crimen. Los an\u00e1lisis de videos de c\u00e1maras de seguridad en la zona revelaron que Franco condujo hasta una residencia en Bottaro y Primera Junta, donde se cree que Naiara fue asesinada. Supuestamente, en este lugar se carg\u00f3 un tambor de 200 litros con el cuerpo de Naiara, que luego habr\u00eda sido arrojado al riacho San Pedro. Como resultado, el veh\u00edculo utilizado en esta actividad fue confiscado.<\/p>\n\n\n\n<p>En otro desarrollo, la hermana de Daiana Franco tambi\u00e9n fue detenida y su situaci\u00f3n legal est\u00e1 siendo evaluada en relaci\u00f3n con el crimen.<\/p>\n","protected":false},"excerpt":{"rendered":"<p>Este martes se realiz\u00f3 un allanamiento en una vivienda cercana a la intersecci\u00f3n de Pedro Cabrera y G\u00fcemes, culminando en la detenci\u00f3n de un hombre y una mujer identificados como el padre y la hermana de Daiana Franco, compa\u00f1era de Francisco Vlaeminck, el principal sospechoso en el caso. Se investiga la posible participaci\u00f3n del hombre [&hellip;]<\/p>\n","protected":false},"author":4,"featured_media":121415,"comment_status":"closed","ping_status":"closed","sticky":false,"template":"","format":"standard","meta":{"om_disable_all_campaigns":false,"_jetpack_memberships_contains_paid_content":false,"footnotes":""},"categories":[50,2,103],"tags":[197,33,95,19],"class_list":["post-121492","post","type-post","status-publish","format-standard","has-post-thumbnail","hentry","category-destacadas","category-locales","category-policiales-locales","tag-buenos-aires","tag-locales","tag-policiales","tag-san-pedro"],"aioseo_notices":[],"gutentor_comment":0,"jetpack_featured_media_url":"https:\/\/eldiariodesanpedro.com.ar\/sitio\/wp-content\/uploads\/2023\/08\/Daiana-Duran-.jpg","jetpack_shortlink":"https:\/\/wp.me\/p6RhLt-vBy","jetpack_sharing_enabled":true,"_links":{"self":[{"href":"https:\/\/eldiariodesanpedro.com.ar\/sitio\/wp-json\/wp\/v2\/posts\/121492","targetHints":{"allow":["GET"]}}],"collection":[{"href":"https:\/\/eldiariodesanpedro.com.ar\/sitio\/wp-json\/wp\/v2\/posts"}],"about":[{"href":"https:\/\/eldiariodesanpedro.com.ar\/sitio\/wp-json\/wp\/v2\/types\/post"}],"author":[{"embeddable":true,"href":"https:\/\/eldiariodesanpedro.com.ar\/sitio\/wp-json\/wp\/v2\/users\/4"}],"replies":[{"embeddable":true,"href":"https:\/\/eldiariodesanpedro.com.ar\/sitio\/wp-json\/wp\/v2\/comments?post=121492"}],"version-history":[{"count":1,"href":"https:\/\/eldiariodesanpedro.com.ar\/sitio\/wp-json\/wp\/v2\/posts\/121492\/revisions"}],"predecessor-version":[{"id":121493,"href":"https:\/\/eldiariodesanpedro.com.ar\/sitio\/wp-json\/wp\/v2\/posts\/121492\/revisions\/121493"}],"wp:featuredmedia":[{"embeddable":true,"href":"https:\/\/eldiariodesanpedro.com.ar\/sitio\/wp-json\/wp\/v2\/media\/121415"}],"wp:attachment":[{"href":"https:\/\/eldiariodesanpedro.com.ar\/sitio\/wp-json\/wp\/v2\/media?parent=121492"}],"wp:term":[{"taxonomy":"category","embeddable":true,"href":"https:\/\/eldiariodesanpedro.com.ar\/sitio\/wp-json\/wp\/v2\/categories?post=121492"},{"taxonomy":"post_tag","embeddable":true,"href":"https:\/\/eldiariodesanpedro.com.ar\/sitio\/wp-json\/wp\/v2\/tags?post=121492"}],"curies":[{"name":"wp","href":"https:\/\/api.w.org\/{rel}","templated":true}]}}