{"id":121489,"date":"2023-08-22T16:01:25","date_gmt":"2023-08-22T19:01:25","guid":{"rendered":"https:\/\/eldiariodesanpedro.com.ar\/sitio\/?p=121489"},"modified":"2023-08-22T16:01:27","modified_gmt":"2023-08-22T19:01:27","slug":"persona-llevada-al-hospital-por-inhalacion-de-gas-en-un-domicilio-de-calle-9-de-julio","status":"publish","type":"post","link":"https:\/\/eldiariodesanpedro.com.ar\/sitio\/persona-llevada-al-hospital-por-inhalacion-de-gas-en-un-domicilio-de-calle-9-de-julio\/","title":{"rendered":"Persona llevada al hospital por inhalaci\u00f3n de gas en un domicilio de calle 9 de Julio"},"content":{"rendered":"<!-- VideographyWP Plugin Message: Automatic video embedding prevented by plugin options. -->\n\n<p>En un incidente ocurrido alrededor de las 22:00 horas del lunes, una persona fue trasladada al hospital debido a la inhalaci\u00f3n de gas en un domicilio ubicado en 9 de Julio 595. La ambulancia del Sistema de Atenci\u00f3n M\u00e9dica de Emergencias (SAME) se present\u00f3 en la direcci\u00f3n mencionada para proporcionar atenci\u00f3n m\u00e9dica al afectado. El paciente fue trasladado en la ambulancia hacia el nosocomio m\u00e1s cercano, en concreto, a la Guardia General, donde recibir\u00eda la atenci\u00f3n m\u00e9dica necesaria.<\/p>\n\n\n\n<p>En el sitio del incidente, tambi\u00e9n se present\u00f3 una dotaci\u00f3n de los Bomberos Voluntarios, quienes intervinieron para abordar una posible fuga de gas. Tras una inspecci\u00f3n, se determin\u00f3 que la situaci\u00f3n pudo haber sido causada por un error humano y no por una p\u00e9rdida de gas. La fuerza policial tambi\u00e9n particip\u00f3 en el manejo de la situaci\u00f3n, llevando a cabo las actuaciones correspondientes.<\/p>\n\n\n\n<p>Este incidente resalta la importancia de estar alerta ante posibles riesgos en el hogar y tomar medidas para prevenir situaciones peligrosas como la inhalaci\u00f3n de gases. La respuesta r\u00e1pida de los equipos de emergencia es vital para garantizar la seguridad y el bienestar de todos los ciudadanos.<\/p>\n","protected":false},"excerpt":{"rendered":"<p>En un incidente ocurrido alrededor de las 22:00 horas del lunes, una persona fue trasladada al hospital debido a la inhalaci\u00f3n de gas en un domicilio ubicado en 9 de Julio 595. La ambulancia del Sistema de Atenci\u00f3n M\u00e9dica de Emergencias (SAME) se present\u00f3 en la direcci\u00f3n mencionada para proporcionar atenci\u00f3n m\u00e9dica al afectado. El [&hellip;]<\/p>\n","protected":false},"author":4,"featured_media":121490,"comment_status":"closed","ping_status":"closed","sticky":false,"template":"","format":"standard","meta":{"om_disable_all_campaigns":false,"_jetpack_memberships_contains_paid_content":false,"footnotes":""},"categories":[50,101,2],"tags":[197,696,33,19],"class_list":["post-121489","post","type-post","status-publish","format-standard","has-post-thumbnail","hentry","category-destacadas","category-interes-general-locales","category-locales","tag-buenos-aires","tag-interes-general","tag-locales","tag-san-pedro"],"aioseo_notices":[],"gutentor_comment":0,"jetpack_featured_media_url":"https:\/\/eldiariodesanpedro.com.ar\/sitio\/wp-content\/uploads\/2023\/08\/gas.jpg","jetpack_shortlink":"https:\/\/wp.me\/p6RhLt-vBv","jetpack_sharing_enabled":true,"_links":{"self":[{"href":"https:\/\/eldiariodesanpedro.com.ar\/sitio\/wp-json\/wp\/v2\/posts\/121489","targetHints":{"allow":["GET"]}}],"collection":[{"href":"https:\/\/eldiariodesanpedro.com.ar\/sitio\/wp-json\/wp\/v2\/posts"}],"about":[{"href":"https:\/\/eldiariodesanpedro.com.ar\/sitio\/wp-json\/wp\/v2\/types\/post"}],"author":[{"embeddable":true,"href":"https:\/\/eldiariodesanpedro.com.ar\/sitio\/wp-json\/wp\/v2\/users\/4"}],"replies":[{"embeddable":true,"href":"https:\/\/eldiariodesanpedro.com.ar\/sitio\/wp-json\/wp\/v2\/comments?post=121489"}],"version-history":[{"count":1,"href":"https:\/\/eldiariodesanpedro.com.ar\/sitio\/wp-json\/wp\/v2\/posts\/121489\/revisions"}],"predecessor-version":[{"id":121491,"href":"https:\/\/eldiariodesanpedro.com.ar\/sitio\/wp-json\/wp\/v2\/posts\/121489\/revisions\/121491"}],"wp:featuredmedia":[{"embeddable":true,"href":"https:\/\/eldiariodesanpedro.com.ar\/sitio\/wp-json\/wp\/v2\/media\/121490"}],"wp:attachment":[{"href":"https:\/\/eldiariodesanpedro.com.ar\/sitio\/wp-json\/wp\/v2\/media?parent=121489"}],"wp:term":[{"taxonomy":"category","embeddable":true,"href":"https:\/\/eldiariodesanpedro.com.ar\/sitio\/wp-json\/wp\/v2\/categories?post=121489"},{"taxonomy":"post_tag","embeddable":true,"href":"https:\/\/eldiariodesanpedro.com.ar\/sitio\/wp-json\/wp\/v2\/tags?post=121489"}],"curies":[{"name":"wp","href":"https:\/\/api.w.org\/{rel}","templated":true}]}}