{"id":121485,"date":"2023-08-22T15:49:51","date_gmt":"2023-08-22T18:49:51","guid":{"rendered":"https:\/\/eldiariodesanpedro.com.ar\/sitio\/?p=121485"},"modified":"2023-08-22T15:52:11","modified_gmt":"2023-08-22T18:52:11","slug":"avances-en-el-caso-naiara-duran-vlaeminck-y-franco-acusados-del-asesinato-se-abstubieron-de-declarar","status":"publish","type":"post","link":"https:\/\/eldiariodesanpedro.com.ar\/sitio\/avances-en-el-caso-naiara-duran-vlaeminck-y-franco-acusados-del-asesinato-se-abstubieron-de-declarar\/","title":{"rendered":"Avances en el Caso Naiara Dur\u00e1n: Vlaeminck y Franco acusados del asesinato se abstuvieron de declarar"},"content":{"rendered":"<!-- VideographyWP Plugin Message: Automatic video embedding prevented by plugin options. -->\n\n<p><em>En una nueva etapa del caso que ha conmocionado a la comunidad, Francisco Vlaeminck y Daiana Franco, la pareja se\u00f1alada en el asesinato de Naiara Dur\u00e1n, comparecieron ante la sede judicial el lunes alrededor de las 15 horas. Ambos acusados optaron por mantener el silencio durante su primera presentaci\u00f3n en la fiscal\u00eda tras su detenci\u00f3n el pasado s\u00e1bado por la noche.<\/em><\/p>\n\n\n\n<p>El caso ha mantenido en vilo a la opini\u00f3n p\u00fablica, con indicios apuntando hacia Vlaeminck y Franco. Las esperanzas de que alguno de los acusados rompiera su silencio y proporcionara informaci\u00f3n se desvanecieron cuando ambos optaron por no hacer declaraciones.<\/p>\n\n\n\n<p><em>Tras finalizar su comparecencia, Francisco Vlaeminck y Daiana Franco fueron llevados a instalaciones policiales para su detenci\u00f3n. La mujer fue alojada en la Comisar\u00eda de Ramallo, mientras que el joven fue llevado a la segunda comisar\u00eda del barrio Somisa de San Nicol\u00e1s.<\/em><\/p>\n\n\n\n<p>Uno de los puntos cruciales en este caso es el peritaje realizado en la residencia del barrio 25 de Mayo, donde resid\u00edan los acusados. Las pruebas obtenidas mediante el uso del luminol han arrojado resultados significativos que podr\u00edan complicar la situaci\u00f3n de la pareja detenida.<\/p>\n\n\n\n<p><em>Las autoridades han confirmado que el peritaje realizado en la vivienda arroj\u00f3 evidencia de manchas de sangre que hab\u00edan sido lavadas en el interior de la casa. Este hallazgo refuerza las sospechas de que la joven asesinada, Naiara Dur\u00e1n, estuvo en la vivienda antes de su desaparici\u00f3n.<\/em><\/p>\n\n\n\n<p>La labor de la polic\u00eda en este caso ha sido incansable. Tras establecer que Naiara Dur\u00e1n hab\u00eda estado en el hogar de su ex pareja, las pruebas se acumularon y llevaron a la detenci\u00f3n de Vlaeminck y Franco. M\u00faltiples peritajes, incluyendo el an\u00e1lisis del luminol en la casa, han proporcionado pistas cruciales para el esclarecimiento de este crimen.<\/p>\n\n\n\n<p><em>A medida que el caso se acerca a su resoluci\u00f3n, a\u00fan quedan detalles por determinar. Las c\u00e1maras de seguridad del Centro de Monitoreo y de viviendas particulares han confirmado la presencia de Naiara Dur\u00e1n en la residencia de los acusados. Sin embargo, sigue siendo un misterio c\u00f3mo se desarrollaron los hechos a partir de ese punto.<\/em><\/p>\n\n\n\n<p>El caso contin\u00faa planteando interrogantes en torno a c\u00f3mo se llev\u00f3 a cabo el crimen y si hubo participaci\u00f3n de terceros en los eventos que rodean la desaparici\u00f3n de Naiara Dur\u00e1n. A pesar de los avances realizados en la investigaci\u00f3n, todav\u00eda queda trabajo por hacer para descifrar los detalles m\u00e1s oscuros de esta tragedia y determinar la verdad detr\u00e1s de este crimen impactante.<\/p>\n","protected":false},"excerpt":{"rendered":"<p>En una nueva etapa del caso que ha conmocionado a la comunidad, Francisco Vlaeminck y Daiana Franco, la pareja se\u00f1alada en el asesinato de Naiara Dur\u00e1n, comparecieron ante la sede judicial el lunes alrededor de las 15 horas. Ambos acusados optaron por mantener el silencio durante su primera presentaci\u00f3n en la fiscal\u00eda tras su detenci\u00f3n [&hellip;]<\/p>\n","protected":false},"author":4,"featured_media":121486,"comment_status":"closed","ping_status":"closed","sticky":false,"template":"","format":"standard","meta":{"om_disable_all_campaigns":false,"_jetpack_memberships_contains_paid_content":false,"footnotes":""},"categories":[50,101,2],"tags":[197,696,33,19],"class_list":["post-121485","post","type-post","status-publish","format-standard","has-post-thumbnail","hentry","category-destacadas","category-interes-general-locales","category-locales","tag-buenos-aires","tag-interes-general","tag-locales","tag-san-pedro"],"aioseo_notices":[],"gutentor_comment":0,"jetpack_featured_media_url":"https:\/\/eldiariodesanpedro.com.ar\/sitio\/wp-content\/uploads\/2023\/08\/descarga-2.jpg","jetpack_shortlink":"https:\/\/wp.me\/p6RhLt-vBr","jetpack_sharing_enabled":true,"_links":{"self":[{"href":"https:\/\/eldiariodesanpedro.com.ar\/sitio\/wp-json\/wp\/v2\/posts\/121485","targetHints":{"allow":["GET"]}}],"collection":[{"href":"https:\/\/eldiariodesanpedro.com.ar\/sitio\/wp-json\/wp\/v2\/posts"}],"about":[{"href":"https:\/\/eldiariodesanpedro.com.ar\/sitio\/wp-json\/wp\/v2\/types\/post"}],"author":[{"embeddable":true,"href":"https:\/\/eldiariodesanpedro.com.ar\/sitio\/wp-json\/wp\/v2\/users\/4"}],"replies":[{"embeddable":true,"href":"https:\/\/eldiariodesanpedro.com.ar\/sitio\/wp-json\/wp\/v2\/comments?post=121485"}],"version-history":[{"count":2,"href":"https:\/\/eldiariodesanpedro.com.ar\/sitio\/wp-json\/wp\/v2\/posts\/121485\/revisions"}],"predecessor-version":[{"id":121488,"href":"https:\/\/eldiariodesanpedro.com.ar\/sitio\/wp-json\/wp\/v2\/posts\/121485\/revisions\/121488"}],"wp:featuredmedia":[{"embeddable":true,"href":"https:\/\/eldiariodesanpedro.com.ar\/sitio\/wp-json\/wp\/v2\/media\/121486"}],"wp:attachment":[{"href":"https:\/\/eldiariodesanpedro.com.ar\/sitio\/wp-json\/wp\/v2\/media?parent=121485"}],"wp:term":[{"taxonomy":"category","embeddable":true,"href":"https:\/\/eldiariodesanpedro.com.ar\/sitio\/wp-json\/wp\/v2\/categories?post=121485"},{"taxonomy":"post_tag","embeddable":true,"href":"https:\/\/eldiariodesanpedro.com.ar\/sitio\/wp-json\/wp\/v2\/tags?post=121485"}],"curies":[{"name":"wp","href":"https:\/\/api.w.org\/{rel}","templated":true}]}}