{"id":12147,"date":"2016-12-30T10:42:28","date_gmt":"2016-12-30T13:42:28","guid":{"rendered":"https:\/\/eldiariodesanpedro.com.ar\/sitio\/?p=12147"},"modified":"2016-12-30T10:42:28","modified_gmt":"2016-12-30T13:42:28","slug":"allanamiento-por-un-robo-ocurrido-en-el-barrio-2-de-abril","status":"publish","type":"post","link":"https:\/\/eldiariodesanpedro.com.ar\/sitio\/allanamiento-por-un-robo-ocurrido-en-el-barrio-2-de-abril\/","title":{"rendered":"Allanamiento por un robo ocurrido en el barrio 2 de abril"},"content":{"rendered":"<p><!-- VideographyWP Plugin Message: Automatic video embedding prevented by plugin options. --><br \/>\nEn horas de la tarde de ayer se llevo a cabo un allanamiento en el domicilio Gral. Pueyrred\u00f3n al 1400 donde se encontraron un equipo de m\u00fasica con dos parlantes y una garrafa que hab\u00edan sido sustra\u00eddo d\u00edas antes de una vivienda ubicada en calle Facundo Quiroga en el barrio 2 de Abril<\/p>\n","protected":false},"excerpt":{"rendered":"<p>En horas de la tarde de ayer se llevo a cabo un allanamiento en el domicilio Gral. Pueyrred\u00f3n al 1400 donde se encontraron un equipo de m\u00fasica con dos parlantes y una garrafa que hab\u00edan sido sustra\u00eddo d\u00edas antes de una vivienda ubicada en calle Facundo Quiroga en el barrio 2 de Abril<\/p>\n","protected":false},"author":4,"featured_media":9455,"comment_status":"open","ping_status":"closed","sticky":false,"template":"","format":"standard","meta":{"om_disable_all_campaigns":false,"_jetpack_memberships_contains_paid_content":false,"footnotes":""},"categories":[2,103],"tags":[],"class_list":["post-12147","post","type-post","status-publish","format-standard","has-post-thumbnail","hentry","category-locales","category-policiales-locales"],"aioseo_notices":[],"gutentor_comment":0,"jetpack_featured_media_url":"https:\/\/eldiariodesanpedro.com.ar\/sitio\/wp-content\/uploads\/2016\/10\/patrullero-policial..jpg","jetpack_shortlink":"https:\/\/wp.me\/p6RhLt-39V","jetpack_sharing_enabled":true,"_links":{"self":[{"href":"https:\/\/eldiariodesanpedro.com.ar\/sitio\/wp-json\/wp\/v2\/posts\/12147","targetHints":{"allow":["GET"]}}],"collection":[{"href":"https:\/\/eldiariodesanpedro.com.ar\/sitio\/wp-json\/wp\/v2\/posts"}],"about":[{"href":"https:\/\/eldiariodesanpedro.com.ar\/sitio\/wp-json\/wp\/v2\/types\/post"}],"author":[{"embeddable":true,"href":"https:\/\/eldiariodesanpedro.com.ar\/sitio\/wp-json\/wp\/v2\/users\/4"}],"replies":[{"embeddable":true,"href":"https:\/\/eldiariodesanpedro.com.ar\/sitio\/wp-json\/wp\/v2\/comments?post=12147"}],"version-history":[{"count":1,"href":"https:\/\/eldiariodesanpedro.com.ar\/sitio\/wp-json\/wp\/v2\/posts\/12147\/revisions"}],"predecessor-version":[{"id":12148,"href":"https:\/\/eldiariodesanpedro.com.ar\/sitio\/wp-json\/wp\/v2\/posts\/12147\/revisions\/12148"}],"wp:featuredmedia":[{"embeddable":true,"href":"https:\/\/eldiariodesanpedro.com.ar\/sitio\/wp-json\/wp\/v2\/media\/9455"}],"wp:attachment":[{"href":"https:\/\/eldiariodesanpedro.com.ar\/sitio\/wp-json\/wp\/v2\/media?parent=12147"}],"wp:term":[{"taxonomy":"category","embeddable":true,"href":"https:\/\/eldiariodesanpedro.com.ar\/sitio\/wp-json\/wp\/v2\/categories?post=12147"},{"taxonomy":"post_tag","embeddable":true,"href":"https:\/\/eldiariodesanpedro.com.ar\/sitio\/wp-json\/wp\/v2\/tags?post=12147"}],"curies":[{"name":"wp","href":"https:\/\/api.w.org\/{rel}","templated":true}]}}